{"id":854,"date":"2024-09-25T08:42:50","date_gmt":"2024-09-25T08:42:50","guid":{"rendered":"https:\/\/colecalatrava.es\/?p=854"},"modified":"2024-09-25T08:42:50","modified_gmt":"2024-09-25T08:42:50","slug":"fecha-festival-de-navidad","status":"publish","type":"post","link":"https:\/\/colecalatrava.es\/?p=854","title":{"rendered":"FECHA FESTIVAL DE NAVIDAD"},"content":{"rendered":"\n<p>Familias, os informamos que aunque falta a\u00fan confirmaci\u00f3n oficial, el centro ha solicitado al Ayuntamiento la fecha del <strong>18 de diciembre<\/strong> para la realizaci\u00f3n del Festival de Navidad del cole.<\/p>\n\n\n\n<p><\/p>\n","protected":false},"excerpt":{"rendered":"<p>Familias, os informamos que aunque falta a\u00fan confirmaci\u00f3n oficial, el centro ha solicitado al Ayuntamiento la fecha del 18 de diciembre para la realizaci\u00f3n del Festival de Navidad del cole.<\/p>\n","protected":false},"author":1,"featured_media":855,"comment_status":"open","ping_status":"closed","sticky":false,"template":"","format":"standard","meta":{"footnotes":""},"categories":[1],"tags":[],"class_list":["post-854","post","type-post","status-publish","format-standard","has-post-thumbnail","hentry","category-uncategorized"],"_links":{"self":[{"href":"https:\/\/colecalatrava.es\/index.php?rest_route=\/wp\/v2\/posts\/854","targetHints":{"allow":["GET"]}}],"collection":[{"href":"https:\/\/colecalatrava.es\/index.php?rest_route=\/wp\/v2\/posts"}],"about":[{"href":"https:\/\/colecalatrava.es\/index.php?rest_route=\/wp\/v2\/types\/post"}],"author":[{"embeddable":true,"href":"https:\/\/colecalatrava.es\/index.php?rest_route=\/wp\/v2\/users\/1"}],"replies":[{"embeddable":true,"href":"https:\/\/colecalatrava.es\/index.php?rest_route=%2Fwp%2Fv2%2Fcomments&post=854"}],"version-history":[{"count":1,"href":"https:\/\/colecalatrava.es\/index.php?rest_route=\/wp\/v2\/posts\/854\/revisions"}],"predecessor-version":[{"id":856,"href":"https:\/\/colecalatrava.es\/index.php?rest_route=\/wp\/v2\/posts\/854\/revisions\/856"}],"wp:featuredmedia":[{"embeddable":true,"href":"https:\/\/colecalatrava.es\/index.php?rest_route=\/wp\/v2\/media\/855"}],"wp:attachment":[{"href":"https:\/\/colecalatrava.es\/index.php?rest_route=%2Fwp%2Fv2%2Fmedia&parent=854"}],"wp:term":[{"taxonomy":"category","embeddable":true,"href":"https:\/\/colecalatrava.es\/index.php?rest_route=%2Fwp%2Fv2%2Fcategories&post=854"},{"taxonomy":"post_tag","embeddable":true,"href":"https:\/\/colecalatrava.es\/index.php?rest_route=%2Fwp%2Fv2%2Ftags&post=854"}],"curies":[{"name":"wp","href":"https:\/\/api.w.org\/{rel}","templated":true}]}}