{"id":85,"date":"2022-03-11T09:01:58","date_gmt":"2022-03-11T09:01:58","guid":{"rendered":"https:\/\/colecalatrava.es\/?p=85"},"modified":"2022-03-11T09:01:58","modified_gmt":"2022-03-11T09:01:58","slug":"el-c-e-i-p-calatrava-celebra-el-8m","status":"publish","type":"post","link":"https:\/\/colecalatrava.es\/?p=85","title":{"rendered":"El C.E.I.P. \u00abCALATRAVA\u00bb celebra el 8M"},"content":{"rendered":"\n<p>El pasado 8 de marzo, nuestro colegio particip\u00f3 en la concentraci\u00f3n organizada por el Ayuntamiento.<\/p>\n\n\n\n<p>Nuestros ni\u00f1os\/as se educan en la igualdad de todos.<\/p>\n\n\n\n<figure class=\"wp-block-image size-large is-resized\"><img loading=\"lazy\" decoding=\"async\" src=\"https:\/\/colecalatrava.es\/wp-content\/uploads\/2022\/03\/IMG-20220308-WA0015-1024x1024.jpg\" alt=\"\" class=\"wp-image-86\" width=\"475\" height=\"475\" srcset=\"https:\/\/colecalatrava.es\/wp-content\/uploads\/2022\/03\/IMG-20220308-WA0015-1024x1024.jpg 1024w, https:\/\/colecalatrava.es\/wp-content\/uploads\/2022\/03\/IMG-20220308-WA0015-300x300.jpg 300w, https:\/\/colecalatrava.es\/wp-content\/uploads\/2022\/03\/IMG-20220308-WA0015-150x150.jpg 150w, https:\/\/colecalatrava.es\/wp-content\/uploads\/2022\/03\/IMG-20220308-WA0015-768x768.jpg 768w, https:\/\/colecalatrava.es\/wp-content\/uploads\/2022\/03\/IMG-20220308-WA0015-1536x1536.jpg 1536w, https:\/\/colecalatrava.es\/wp-content\/uploads\/2022\/03\/IMG-20220308-WA0015.jpg 1600w\" sizes=\"auto, (max-width: 475px) 100vw, 475px\" \/><\/figure>\n\n\n\n<figure class=\"wp-block-image size-full is-resized\"><img loading=\"lazy\" decoding=\"async\" src=\"https:\/\/colecalatrava.es\/wp-content\/uploads\/2022\/03\/20220308_133557-320x200-1.jpg\" alt=\"\" class=\"wp-image-87\" width=\"472\" height=\"354\" srcset=\"https:\/\/colecalatrava.es\/wp-content\/uploads\/2022\/03\/20220308_133557-320x200-1.jpg 320w, https:\/\/colecalatrava.es\/wp-content\/uploads\/2022\/03\/20220308_133557-320x200-1-300x225.jpg 300w\" sizes=\"auto, (max-width: 472px) 100vw, 472px\" \/><\/figure>\n\n\n\n<figure class=\"wp-block-image size-full is-resized\"><img loading=\"lazy\" decoding=\"async\" src=\"https:\/\/colecalatrava.es\/wp-content\/uploads\/2022\/03\/20220308_135224-320x200-1.jpg\" alt=\"\" class=\"wp-image-88\" width=\"467\" height=\"350\" srcset=\"https:\/\/colecalatrava.es\/wp-content\/uploads\/2022\/03\/20220308_135224-320x200-1.jpg 320w, https:\/\/colecalatrava.es\/wp-content\/uploads\/2022\/03\/20220308_135224-320x200-1-300x225.jpg 300w\" sizes=\"auto, (max-width: 467px) 100vw, 467px\" \/><\/figure>\n\n\n\n<p><\/p>\n","protected":false},"excerpt":{"rendered":"<p>El pasado 8 de marzo, nuestro colegio particip\u00f3 en la concentraci\u00f3n organizada por el Ayuntamiento. Nuestros ni\u00f1os\/as se educan en la igualdad de todos.<\/p>\n","protected":false},"author":1,"featured_media":0,"comment_status":"open","ping_status":"closed","sticky":false,"template":"","format":"standard","meta":{"footnotes":""},"categories":[1],"tags":[],"class_list":["post-85","post","type-post","status-publish","format-standard","hentry","category-uncategorized"],"_links":{"self":[{"href":"https:\/\/colecalatrava.es\/index.php?rest_route=\/wp\/v2\/posts\/85","targetHints":{"allow":["GET"]}}],"collection":[{"href":"https:\/\/colecalatrava.es\/index.php?rest_route=\/wp\/v2\/posts"}],"about":[{"href":"https:\/\/colecalatrava.es\/index.php?rest_route=\/wp\/v2\/types\/post"}],"author":[{"embeddable":true,"href":"https:\/\/colecalatrava.es\/index.php?rest_route=\/wp\/v2\/users\/1"}],"replies":[{"embeddable":true,"href":"https:\/\/colecalatrava.es\/index.php?rest_route=%2Fwp%2Fv2%2Fcomments&post=85"}],"version-history":[{"count":1,"href":"https:\/\/colecalatrava.es\/index.php?rest_route=\/wp\/v2\/posts\/85\/revisions"}],"predecessor-version":[{"id":89,"href":"https:\/\/colecalatrava.es\/index.php?rest_route=\/wp\/v2\/posts\/85\/revisions\/89"}],"wp:attachment":[{"href":"https:\/\/colecalatrava.es\/index.php?rest_route=%2Fwp%2Fv2%2Fmedia&parent=85"}],"wp:term":[{"taxonomy":"category","embeddable":true,"href":"https:\/\/colecalatrava.es\/index.php?rest_route=%2Fwp%2Fv2%2Fcategories&post=85"},{"taxonomy":"post_tag","embeddable":true,"href":"https:\/\/colecalatrava.es\/index.php?rest_route=%2Fwp%2Fv2%2Ftags&post=85"}],"curies":[{"name":"wp","href":"https:\/\/api.w.org\/{rel}","templated":true}]}}