{"id":840,"date":"2024-09-10T17:10:26","date_gmt":"2024-09-10T17:10:26","guid":{"rendered":"https:\/\/colecalatrava.es\/?p=840"},"modified":"2025-12-03T08:25:21","modified_gmt":"2025-12-03T08:25:21","slug":"estamos-de-vuelta-2","status":"publish","type":"post","link":"https:\/\/colecalatrava.es\/?p=840","title":{"rendered":"\u00a1ESTAMOS DE VUELTA!"},"content":{"rendered":"\n<p>Hoy hemos vuelto al cole, con las mismas ganas, ilusi\u00f3n y entusiasmo de siempre. Y es que en nuestro cole, todos somos bienvenidos y todos somos importantes&#8230;<\/p>\n\n\n\n<figure class=\"wp-block-image size-full\"><img loading=\"lazy\" decoding=\"async\" width=\"480\" height=\"640\" src=\"https:\/\/colecalatrava.es\/wp-content\/uploads\/2024\/09\/IMG_3921-rotated.jpg\" alt=\"\" class=\"wp-image-842\" srcset=\"https:\/\/colecalatrava.es\/wp-content\/uploads\/2024\/09\/IMG_3921-rotated.jpg 480w, https:\/\/colecalatrava.es\/wp-content\/uploads\/2024\/09\/IMG_3921-225x300.jpg 225w\" sizes=\"auto, (max-width: 480px) 100vw, 480px\" \/><\/figure>\n\n\n\n<p>Cada grupo ha tenido una frase motivadora en su fila que le acompa\u00f1ar\u00e1 a lo largo del curso.<\/p>\n\n\n\n<figure class=\"wp-block-image size-full is-resized\"><img loading=\"lazy\" decoding=\"async\" width=\"640\" height=\"480\" src=\"https:\/\/colecalatrava.es\/wp-content\/uploads\/2024\/09\/PHOTO-2024-09-10-15-58-46.jpg\" alt=\"\" class=\"wp-image-847\" style=\"width:496px;height:auto\" srcset=\"https:\/\/colecalatrava.es\/wp-content\/uploads\/2024\/09\/PHOTO-2024-09-10-15-58-46.jpg 640w, https:\/\/colecalatrava.es\/wp-content\/uploads\/2024\/09\/PHOTO-2024-09-10-15-58-46-300x225.jpg 300w\" sizes=\"auto, (max-width: 640px) 100vw, 640px\" \/><\/figure>\n\n\n\n<p>Nuestros peques de tres a\u00f1os han comenzado su periodo de adaptaci\u00f3n para facilitar su incorporaci\u00f3n a la rutina del cole y de los nuevos\/as compa\u00f1eros\/as.<\/p>\n\n\n\n<figure class=\"wp-block-image size-large is-resized\"><img loading=\"lazy\" decoding=\"async\" width=\"1024\" height=\"768\" src=\"https:\/\/colecalatrava.es\/wp-content\/uploads\/2024\/09\/PHOTO-2024-09-10-14-32-36-1024x768.jpg\" alt=\"\" class=\"wp-image-845\" style=\"width:540px;height:auto\" srcset=\"https:\/\/colecalatrava.es\/wp-content\/uploads\/2024\/09\/PHOTO-2024-09-10-14-32-36-1024x768.jpg 1024w, https:\/\/colecalatrava.es\/wp-content\/uploads\/2024\/09\/PHOTO-2024-09-10-14-32-36-300x225.jpg 300w, https:\/\/colecalatrava.es\/wp-content\/uploads\/2024\/09\/PHOTO-2024-09-10-14-32-36-768x576.jpg 768w, https:\/\/colecalatrava.es\/wp-content\/uploads\/2024\/09\/PHOTO-2024-09-10-14-32-36-1536x1152.jpg 1536w, https:\/\/colecalatrava.es\/wp-content\/uploads\/2024\/09\/PHOTO-2024-09-10-14-32-36.jpg 2016w\" sizes=\"auto, (max-width: 1024px) 100vw, 1024px\" \/><\/figure>\n\n\n\n<figure class=\"wp-block-image size-large is-resized\"><img loading=\"lazy\" decoding=\"async\" width=\"1024\" height=\"768\" src=\"https:\/\/colecalatrava.es\/wp-content\/uploads\/2024\/09\/PHOTO-2024-09-10-13-16-30-1024x768.jpg\" alt=\"\" class=\"wp-image-844\" style=\"width:569px;height:auto\" srcset=\"https:\/\/colecalatrava.es\/wp-content\/uploads\/2024\/09\/PHOTO-2024-09-10-13-16-30-1024x768.jpg 1024w, https:\/\/colecalatrava.es\/wp-content\/uploads\/2024\/09\/PHOTO-2024-09-10-13-16-30-300x225.jpg 300w, https:\/\/colecalatrava.es\/wp-content\/uploads\/2024\/09\/PHOTO-2024-09-10-13-16-30-768x576.jpg 768w, https:\/\/colecalatrava.es\/wp-content\/uploads\/2024\/09\/PHOTO-2024-09-10-13-16-30-1536x1153.jpg 1536w, https:\/\/colecalatrava.es\/wp-content\/uploads\/2024\/09\/PHOTO-2024-09-10-13-16-30.jpg 1599w\" sizes=\"auto, (max-width: 1024px) 100vw, 1024px\" \/><\/figure>\n\n\n\n<p>Por primera vez, nuestro alumnado de sexto ha comenzado una \u00abtutorizaci\u00f3n\u00bb con los grupos de primero de E. Primaria. Son los m\u00e1s peques en el patio de Primaria y al principio cuesta adaptarse a ese espacio nuevo y tan grande. <\/p>\n\n\n\n<p>Los grupos de sexto junto con sus tutores han ido a ambas clases para presentarse y ofrecerles su ayuda durante el tiempo de recreo. Despu\u00e9s, han bajado al patio para ense\u00f1arles las zonas de los patios inclusivos (este a\u00f1o tambi\u00e9n tenemos el juego \u00abtwister\u00bb) y explicarles su funcionamiento.<\/p>\n\n\n\n<p>En f\u00edn, hoy ha sido un d\u00eda genial. \u00a1Seguimos contando cositas por aqu\u00ed!<\/p>\n","protected":false},"excerpt":{"rendered":"<p>Hoy hemos vuelto al cole, con las mismas ganas, ilusi\u00f3n y entusiasmo de siempre. Y es que en nuestro cole, todos somos bienvenidos y todos somos importantes&#8230; Cada grupo ha tenido una frase motivadora en su fila que le acompa\u00f1ar\u00e1 a lo largo del curso. Nuestros peques de tres a\u00f1os han comenzado su periodo de [&hellip;]<\/p>\n","protected":false},"author":1,"featured_media":843,"comment_status":"open","ping_status":"closed","sticky":false,"template":"","format":"standard","meta":{"footnotes":""},"categories":[1],"tags":[],"class_list":["post-840","post","type-post","status-publish","format-standard","has-post-thumbnail","hentry","category-uncategorized"],"_links":{"self":[{"href":"https:\/\/colecalatrava.es\/index.php?rest_route=\/wp\/v2\/posts\/840","targetHints":{"allow":["GET"]}}],"collection":[{"href":"https:\/\/colecalatrava.es\/index.php?rest_route=\/wp\/v2\/posts"}],"about":[{"href":"https:\/\/colecalatrava.es\/index.php?rest_route=\/wp\/v2\/types\/post"}],"author":[{"embeddable":true,"href":"https:\/\/colecalatrava.es\/index.php?rest_route=\/wp\/v2\/users\/1"}],"replies":[{"embeddable":true,"href":"https:\/\/colecalatrava.es\/index.php?rest_route=%2Fwp%2Fv2%2Fcomments&post=840"}],"version-history":[{"count":2,"href":"https:\/\/colecalatrava.es\/index.php?rest_route=\/wp\/v2\/posts\/840\/revisions"}],"predecessor-version":[{"id":1920,"href":"https:\/\/colecalatrava.es\/index.php?rest_route=\/wp\/v2\/posts\/840\/revisions\/1920"}],"wp:featuredmedia":[{"embeddable":true,"href":"https:\/\/colecalatrava.es\/index.php?rest_route=\/wp\/v2\/media\/843"}],"wp:attachment":[{"href":"https:\/\/colecalatrava.es\/index.php?rest_route=%2Fwp%2Fv2%2Fmedia&parent=840"}],"wp:term":[{"taxonomy":"category","embeddable":true,"href":"https:\/\/colecalatrava.es\/index.php?rest_route=%2Fwp%2Fv2%2Fcategories&post=840"},{"taxonomy":"post_tag","embeddable":true,"href":"https:\/\/colecalatrava.es\/index.php?rest_route=%2Fwp%2Fv2%2Ftags&post=840"}],"curies":[{"name":"wp","href":"https:\/\/api.w.org\/{rel}","templated":true}]}}