{"id":814,"date":"2024-07-02T08:48:44","date_gmt":"2024-07-02T08:48:44","guid":{"rendered":"https:\/\/colecalatrava.es\/?p=814"},"modified":"2025-12-03T08:20:45","modified_gmt":"2025-12-03T08:20:45","slug":"graduaciones-23-24","status":"publish","type":"post","link":"https:\/\/colecalatrava.es\/?p=814","title":{"rendered":"GRADUACIONES 23\/24"},"content":{"rendered":"\n<p>Un curso m\u00e1s, nuestro alumnado tanto de E. Infantil (5 a\u00f1os) como de 6\u00ba de E. Primaria han cerrado una etapa para comenzar otra nueva.<\/p>\n\n\n\n<p>Los grupos de 6\u00ba realizaron el acto de graduaci\u00f3n la tarde del 20 de junio en el teatro Ayala. Con la ayuda de sus tutores y la profe M. Jes\u00fas, realizaron un acto emotivo, con actuaciones en las que los\/as alumnos\/as mostraron algunas de sus habilidades. <\/p>\n\n\n\n<p>En cuanto a los peque\u00f1os de 5 a\u00f1os, celebraron su graduaci\u00f3n la tarde del 21 en el mismo cole. \u00a1No ve\u00e1is lo bien que lo hicieron y los elegantes que estaban!<\/p>\n\n\n\n<p>Alumnos\/as de sexto&#8230; \u00a1esperamos vuestras visitas! <\/p>\n\n\n\n<p>En cuanto a los peques, \u00a1en septiembre nos vemos en Primaria con los mayores!<\/p>\n","protected":false},"excerpt":{"rendered":"<p>Un curso m\u00e1s, nuestro alumnado tanto de E. Infantil (5 a\u00f1os) como de 6\u00ba de E. Primaria han cerrado una etapa para comenzar otra nueva. Los grupos de 6\u00ba realizaron el acto de graduaci\u00f3n la tarde del 20 de junio en el teatro Ayala. Con la ayuda de sus tutores y la profe M. Jes\u00fas, [&hellip;]<\/p>\n","protected":false},"author":1,"featured_media":815,"comment_status":"open","ping_status":"closed","sticky":false,"template":"","format":"standard","meta":{"footnotes":""},"categories":[1],"tags":[],"class_list":["post-814","post","type-post","status-publish","format-standard","has-post-thumbnail","hentry","category-uncategorized"],"_links":{"self":[{"href":"https:\/\/colecalatrava.es\/index.php?rest_route=\/wp\/v2\/posts\/814","targetHints":{"allow":["GET"]}}],"collection":[{"href":"https:\/\/colecalatrava.es\/index.php?rest_route=\/wp\/v2\/posts"}],"about":[{"href":"https:\/\/colecalatrava.es\/index.php?rest_route=\/wp\/v2\/types\/post"}],"author":[{"embeddable":true,"href":"https:\/\/colecalatrava.es\/index.php?rest_route=\/wp\/v2\/users\/1"}],"replies":[{"embeddable":true,"href":"https:\/\/colecalatrava.es\/index.php?rest_route=%2Fwp%2Fv2%2Fcomments&post=814"}],"version-history":[{"count":2,"href":"https:\/\/colecalatrava.es\/index.php?rest_route=\/wp\/v2\/posts\/814\/revisions"}],"predecessor-version":[{"id":1919,"href":"https:\/\/colecalatrava.es\/index.php?rest_route=\/wp\/v2\/posts\/814\/revisions\/1919"}],"wp:featuredmedia":[{"embeddable":true,"href":"https:\/\/colecalatrava.es\/index.php?rest_route=\/wp\/v2\/media\/815"}],"wp:attachment":[{"href":"https:\/\/colecalatrava.es\/index.php?rest_route=%2Fwp%2Fv2%2Fmedia&parent=814"}],"wp:term":[{"taxonomy":"category","embeddable":true,"href":"https:\/\/colecalatrava.es\/index.php?rest_route=%2Fwp%2Fv2%2Fcategories&post=814"},{"taxonomy":"post_tag","embeddable":true,"href":"https:\/\/colecalatrava.es\/index.php?rest_route=%2Fwp%2Fv2%2Ftags&post=814"}],"curies":[{"name":"wp","href":"https:\/\/api.w.org\/{rel}","templated":true}]}}