{"id":809,"date":"2024-06-20T11:51:56","date_gmt":"2024-06-20T11:51:56","guid":{"rendered":"https:\/\/colecalatrava.es\/?p=809"},"modified":"2024-06-20T11:51:56","modified_gmt":"2024-06-20T11:51:56","slug":"premiados-certamen-juan-dopazo","status":"publish","type":"post","link":"https:\/\/colecalatrava.es\/?p=809","title":{"rendered":"PREMIADOS CERTAMEN JUAN D\u00d3PAZO"},"content":{"rendered":"\n<p>Los premiados en la 42\u00aa edici\u00f3n de Certamen de Dibujo y Pintura al aire libre Juan D\u00b4Opazo recibieron ayer su reconocimiento en un acto celebrado en el sal\u00f3n de actos de Casa de Cultura.<\/p>\n\n\n\n<p>Este a\u00f1o hemos tenido muchos premiados en el cole:<\/p>\n\n\n\n<p><strong><mark style=\"background-color:rgba(0, 0, 0, 0)\" class=\"has-inline-color has-vivid-red-color\">CATEGOR\u00cdA A (E. Infantil 3-4 a\u00f1os)<\/mark><\/strong><\/p>\n\n\n\n<p><mark style=\"background-color:rgba(0, 0, 0, 0)\" class=\"has-inline-color has-vivid-red-color\">1\u00ba premio Ariana    2\u00ba premio Carlos     3\u00ba premio Rodrigo  4\u00aa premio Lucas <\/mark><\/p>\n\n\n\n<p><strong><mark style=\"background-color:rgba(0, 0, 0, 0)\" class=\"has-inline-color has-vivid-cyan-blue-color\">CATEGOR\u00cdA B (E. Infantil 5 a\u00f1os)<\/mark><\/strong><\/p>\n\n\n\n<p><mark style=\"background-color:rgba(0, 0, 0, 0)\" class=\"has-inline-color has-vivid-cyan-blue-color\">4\u00ba premio Enzo <\/mark><\/p>\n\n\n\n<p><strong><mark style=\"background-color:rgba(0, 0, 0, 0)\" class=\"has-inline-color has-vivid-purple-color\">CATEGOR\u00cdA C (1\u00ba Y 2\u00ba E. Primaria)<\/mark><\/strong><\/p>\n\n\n\n<p><mark style=\"background-color:rgba(0, 0, 0, 0)\" class=\"has-inline-color has-vivid-purple-color\">2\u00ba premio Diego<\/mark>  <\/p>\n\n\n\n<p><strong><mark style=\"background-color:rgba(0, 0, 0, 0)\" class=\"has-inline-color has-vivid-green-cyan-color\">CATEGOR\u00cdA E (5\u00ba y 6\u00ba de E. Primaria)<\/mark><\/strong><\/p>\n\n\n\n<p><mark style=\"background-color:rgba(0, 0, 0, 0)\" class=\"has-inline-color has-vivid-green-cyan-color\">1\u00ba premio Pablo   3\u00ba premio Daniel       4\u00ba Alejandro Arreaza<\/mark> <\/p>\n\n\n\n<p>!Enhorabuena a los premiados!<\/p>\n\n\n\n<p> <\/p>\n","protected":false},"excerpt":{"rendered":"<p>Los premiados en la 42\u00aa edici\u00f3n de Certamen de Dibujo y Pintura al aire libre Juan D\u00b4Opazo recibieron ayer su reconocimiento en un acto celebrado en el sal\u00f3n de actos de Casa de Cultura. Este a\u00f1o hemos tenido muchos premiados en el cole: CATEGOR\u00cdA A (E. Infantil 3-4 a\u00f1os) 1\u00ba premio Ariana 2\u00ba premio Carlos [&hellip;]<\/p>\n","protected":false},"author":1,"featured_media":810,"comment_status":"open","ping_status":"closed","sticky":false,"template":"","format":"standard","meta":{"footnotes":""},"categories":[1],"tags":[],"class_list":["post-809","post","type-post","status-publish","format-standard","has-post-thumbnail","hentry","category-uncategorized"],"_links":{"self":[{"href":"https:\/\/colecalatrava.es\/index.php?rest_route=\/wp\/v2\/posts\/809","targetHints":{"allow":["GET"]}}],"collection":[{"href":"https:\/\/colecalatrava.es\/index.php?rest_route=\/wp\/v2\/posts"}],"about":[{"href":"https:\/\/colecalatrava.es\/index.php?rest_route=\/wp\/v2\/types\/post"}],"author":[{"embeddable":true,"href":"https:\/\/colecalatrava.es\/index.php?rest_route=\/wp\/v2\/users\/1"}],"replies":[{"embeddable":true,"href":"https:\/\/colecalatrava.es\/index.php?rest_route=%2Fwp%2Fv2%2Fcomments&post=809"}],"version-history":[{"count":1,"href":"https:\/\/colecalatrava.es\/index.php?rest_route=\/wp\/v2\/posts\/809\/revisions"}],"predecessor-version":[{"id":811,"href":"https:\/\/colecalatrava.es\/index.php?rest_route=\/wp\/v2\/posts\/809\/revisions\/811"}],"wp:featuredmedia":[{"embeddable":true,"href":"https:\/\/colecalatrava.es\/index.php?rest_route=\/wp\/v2\/media\/810"}],"wp:attachment":[{"href":"https:\/\/colecalatrava.es\/index.php?rest_route=%2Fwp%2Fv2%2Fmedia&parent=809"}],"wp:term":[{"taxonomy":"category","embeddable":true,"href":"https:\/\/colecalatrava.es\/index.php?rest_route=%2Fwp%2Fv2%2Fcategories&post=809"},{"taxonomy":"post_tag","embeddable":true,"href":"https:\/\/colecalatrava.es\/index.php?rest_route=%2Fwp%2Fv2%2Ftags&post=809"}],"curies":[{"name":"wp","href":"https:\/\/api.w.org\/{rel}","templated":true}]}}