{"id":770,"date":"2024-05-25T22:17:53","date_gmt":"2024-05-25T22:17:53","guid":{"rendered":"https:\/\/colecalatrava.es\/?p=770"},"modified":"2024-05-25T22:17:53","modified_gmt":"2024-05-25T22:17:53","slug":"charlas-amformad","status":"publish","type":"post","link":"https:\/\/colecalatrava.es\/?p=770","title":{"rendered":"CHARLAS AMFORMAD"},"content":{"rendered":"\n<p>Algunos grupos de nuestro cole est\u00e1n realizando talleres sobre la prevenci\u00f3n de la violencia, trat\u00e1ndolo desde  enfoques diferentes seg\u00fan la edad del alumnado.<\/p>\n","protected":false},"excerpt":{"rendered":"<p>Algunos grupos de nuestro cole est\u00e1n realizando talleres sobre la prevenci\u00f3n de la violencia, trat\u00e1ndolo desde enfoques diferentes seg\u00fan la edad del alumnado.<\/p>\n","protected":false},"author":1,"featured_media":771,"comment_status":"open","ping_status":"closed","sticky":false,"template":"","format":"standard","meta":{"footnotes":""},"categories":[1],"tags":[],"class_list":["post-770","post","type-post","status-publish","format-standard","has-post-thumbnail","hentry","category-uncategorized"],"_links":{"self":[{"href":"https:\/\/colecalatrava.es\/index.php?rest_route=\/wp\/v2\/posts\/770","targetHints":{"allow":["GET"]}}],"collection":[{"href":"https:\/\/colecalatrava.es\/index.php?rest_route=\/wp\/v2\/posts"}],"about":[{"href":"https:\/\/colecalatrava.es\/index.php?rest_route=\/wp\/v2\/types\/post"}],"author":[{"embeddable":true,"href":"https:\/\/colecalatrava.es\/index.php?rest_route=\/wp\/v2\/users\/1"}],"replies":[{"embeddable":true,"href":"https:\/\/colecalatrava.es\/index.php?rest_route=%2Fwp%2Fv2%2Fcomments&post=770"}],"version-history":[{"count":1,"href":"https:\/\/colecalatrava.es\/index.php?rest_route=\/wp\/v2\/posts\/770\/revisions"}],"predecessor-version":[{"id":772,"href":"https:\/\/colecalatrava.es\/index.php?rest_route=\/wp\/v2\/posts\/770\/revisions\/772"}],"wp:featuredmedia":[{"embeddable":true,"href":"https:\/\/colecalatrava.es\/index.php?rest_route=\/wp\/v2\/media\/771"}],"wp:attachment":[{"href":"https:\/\/colecalatrava.es\/index.php?rest_route=%2Fwp%2Fv2%2Fmedia&parent=770"}],"wp:term":[{"taxonomy":"category","embeddable":true,"href":"https:\/\/colecalatrava.es\/index.php?rest_route=%2Fwp%2Fv2%2Fcategories&post=770"},{"taxonomy":"post_tag","embeddable":true,"href":"https:\/\/colecalatrava.es\/index.php?rest_route=%2Fwp%2Fv2%2Ftags&post=770"}],"curies":[{"name":"wp","href":"https:\/\/api.w.org\/{rel}","templated":true}]}}