{"id":724,"date":"2024-05-09T16:28:40","date_gmt":"2024-05-09T16:28:40","guid":{"rendered":"https:\/\/colecalatrava.es\/?p=724"},"modified":"2024-05-13T08:35:09","modified_gmt":"2024-05-13T08:35:09","slug":"los-mayos-en-el-cole","status":"publish","type":"post","link":"https:\/\/colecalatrava.es\/?p=724","title":{"rendered":"\u00abLOS MAYOS\u00bb EN EL COLE"},"content":{"rendered":"\n<p>Con la llegada del mes de mayo, la asociaci\u00f3n folkl\u00f3rica Virgen de las Cruces ha venido al cole a interpretar los t\u00edpicos \u00abmayos\u00bb. Esto ya se ha convertido en una tradici\u00f3n. Nuestro alumnado ha disfrutado de estas interpretaciones populares. \u00a1Muchas gracias a la asociaci\u00f3n por su tiempo y su arte!<\/p>\n\n\n\n<figure class=\"wp-block-image size-full\"><img loading=\"lazy\" decoding=\"async\" width=\"640\" height=\"480\" src=\"https:\/\/colecalatrava.es\/wp-content\/uploads\/2024\/05\/IMG_3406.jpg\" alt=\"\" class=\"wp-image-726\" srcset=\"https:\/\/colecalatrava.es\/wp-content\/uploads\/2024\/05\/IMG_3406.jpg 640w, https:\/\/colecalatrava.es\/wp-content\/uploads\/2024\/05\/IMG_3406-300x225.jpg 300w\" sizes=\"auto, (max-width: 640px) 100vw, 640px\" \/><\/figure>\n\n\n\n<figure class=\"wp-block-image size-full is-resized\"><img loading=\"lazy\" decoding=\"async\" width=\"750\" height=\"557\" src=\"https:\/\/colecalatrava.es\/wp-content\/uploads\/2024\/05\/PHOTO-2024-05-13-10-03-44.jpg\" alt=\"\" class=\"wp-image-744\" style=\"width:661px;height:auto\" srcset=\"https:\/\/colecalatrava.es\/wp-content\/uploads\/2024\/05\/PHOTO-2024-05-13-10-03-44.jpg 750w, https:\/\/colecalatrava.es\/wp-content\/uploads\/2024\/05\/PHOTO-2024-05-13-10-03-44-300x223.jpg 300w\" sizes=\"auto, (max-width: 750px) 100vw, 750px\" \/><\/figure>\n","protected":false},"excerpt":{"rendered":"<p>Con la llegada del mes de mayo, la asociaci\u00f3n folkl\u00f3rica Virgen de las Cruces ha venido al cole a interpretar los t\u00edpicos \u00abmayos\u00bb. Esto ya se ha convertido en una tradici\u00f3n. Nuestro alumnado ha disfrutado de estas interpretaciones populares. \u00a1Muchas gracias a la asociaci\u00f3n por su tiempo y su arte!<\/p>\n","protected":false},"author":1,"featured_media":725,"comment_status":"open","ping_status":"closed","sticky":false,"template":"","format":"standard","meta":{"footnotes":""},"categories":[1],"tags":[],"class_list":["post-724","post","type-post","status-publish","format-standard","has-post-thumbnail","hentry","category-uncategorized"],"_links":{"self":[{"href":"https:\/\/colecalatrava.es\/index.php?rest_route=\/wp\/v2\/posts\/724","targetHints":{"allow":["GET"]}}],"collection":[{"href":"https:\/\/colecalatrava.es\/index.php?rest_route=\/wp\/v2\/posts"}],"about":[{"href":"https:\/\/colecalatrava.es\/index.php?rest_route=\/wp\/v2\/types\/post"}],"author":[{"embeddable":true,"href":"https:\/\/colecalatrava.es\/index.php?rest_route=\/wp\/v2\/users\/1"}],"replies":[{"embeddable":true,"href":"https:\/\/colecalatrava.es\/index.php?rest_route=%2Fwp%2Fv2%2Fcomments&post=724"}],"version-history":[{"count":2,"href":"https:\/\/colecalatrava.es\/index.php?rest_route=\/wp\/v2\/posts\/724\/revisions"}],"predecessor-version":[{"id":745,"href":"https:\/\/colecalatrava.es\/index.php?rest_route=\/wp\/v2\/posts\/724\/revisions\/745"}],"wp:featuredmedia":[{"embeddable":true,"href":"https:\/\/colecalatrava.es\/index.php?rest_route=\/wp\/v2\/media\/725"}],"wp:attachment":[{"href":"https:\/\/colecalatrava.es\/index.php?rest_route=%2Fwp%2Fv2%2Fmedia&parent=724"}],"wp:term":[{"taxonomy":"category","embeddable":true,"href":"https:\/\/colecalatrava.es\/index.php?rest_route=%2Fwp%2Fv2%2Fcategories&post=724"},{"taxonomy":"post_tag","embeddable":true,"href":"https:\/\/colecalatrava.es\/index.php?rest_route=%2Fwp%2Fv2%2Ftags&post=724"}],"curies":[{"name":"wp","href":"https:\/\/api.w.org\/{rel}","templated":true}]}}