{"id":672,"date":"2024-04-25T08:35:36","date_gmt":"2024-04-25T08:35:36","guid":{"rendered":"https:\/\/colecalatrava.es\/?p=672"},"modified":"2024-04-25T08:37:43","modified_gmt":"2024-04-25T08:37:43","slug":"premiados-molino-de-grinon-y-marcapaginas","status":"publish","type":"post","link":"https:\/\/colecalatrava.es\/?p=672","title":{"rendered":"PREMIADOS \u00abMOLINO DE GRI\u00d1\u00d3N\u00bb y \u00abMARCAP\u00c1GINAS\u00bb"},"content":{"rendered":"\n<p>Nuestro cole ha obtenido varios premios en los distintos concursos que organiza el Ayuntamiento. <\/p>\n\n\n\n<p>En el concurso de cuentos \u00abMolino de Gri\u00f1\u00f3n\u00bb nuestros alumnos Diego (2\u00ba de E. Primaria) y Alberto (6\u00ba de E. Primaria) han obtenido ambos el primer premio en sus categor\u00edas.<\/p>\n\n\n\n<p>En el de marcap\u00e1ginas con el tema \u00abLa pintura: Mi cuadro favorito\u00bb, en la categor\u00eda de 5 a\u00f1os, Ingrid ha obtenido el primer premio y Abril el segundo; y en la categor\u00eda de 3\u00ba ciclo, Alejandro  tambi\u00e9n el 1\u00ba premio.<\/p>\n\n\n\n<p>\u00a1Enhorabuena por poner tanto empe\u00f1o y ganas en vuestros trabajos, esta ha sido vuestra recompensa!<\/p>\n","protected":false},"excerpt":{"rendered":"<p>Nuestro cole ha obtenido varios premios en los distintos concursos que organiza el Ayuntamiento. En el concurso de cuentos \u00abMolino de Gri\u00f1\u00f3n\u00bb nuestros alumnos Diego (2\u00ba de E. Primaria) y Alberto (6\u00ba de E. Primaria) han obtenido ambos el primer premio en sus categor\u00edas. En el de marcap\u00e1ginas con el tema \u00abLa pintura: Mi cuadro [&hellip;]<\/p>\n","protected":false},"author":1,"featured_media":673,"comment_status":"open","ping_status":"closed","sticky":false,"template":"","format":"standard","meta":{"footnotes":""},"categories":[1],"tags":[],"class_list":["post-672","post","type-post","status-publish","format-standard","has-post-thumbnail","hentry","category-uncategorized"],"_links":{"self":[{"href":"https:\/\/colecalatrava.es\/index.php?rest_route=\/wp\/v2\/posts\/672","targetHints":{"allow":["GET"]}}],"collection":[{"href":"https:\/\/colecalatrava.es\/index.php?rest_route=\/wp\/v2\/posts"}],"about":[{"href":"https:\/\/colecalatrava.es\/index.php?rest_route=\/wp\/v2\/types\/post"}],"author":[{"embeddable":true,"href":"https:\/\/colecalatrava.es\/index.php?rest_route=\/wp\/v2\/users\/1"}],"replies":[{"embeddable":true,"href":"https:\/\/colecalatrava.es\/index.php?rest_route=%2Fwp%2Fv2%2Fcomments&post=672"}],"version-history":[{"count":2,"href":"https:\/\/colecalatrava.es\/index.php?rest_route=\/wp\/v2\/posts\/672\/revisions"}],"predecessor-version":[{"id":676,"href":"https:\/\/colecalatrava.es\/index.php?rest_route=\/wp\/v2\/posts\/672\/revisions\/676"}],"wp:featuredmedia":[{"embeddable":true,"href":"https:\/\/colecalatrava.es\/index.php?rest_route=\/wp\/v2\/media\/673"}],"wp:attachment":[{"href":"https:\/\/colecalatrava.es\/index.php?rest_route=%2Fwp%2Fv2%2Fmedia&parent=672"}],"wp:term":[{"taxonomy":"category","embeddable":true,"href":"https:\/\/colecalatrava.es\/index.php?rest_route=%2Fwp%2Fv2%2Fcategories&post=672"},{"taxonomy":"post_tag","embeddable":true,"href":"https:\/\/colecalatrava.es\/index.php?rest_route=%2Fwp%2Fv2%2Ftags&post=672"}],"curies":[{"name":"wp","href":"https:\/\/api.w.org\/{rel}","templated":true}]}}