{"id":587,"date":"2024-04-02T17:34:23","date_gmt":"2024-04-02T17:34:23","guid":{"rendered":"https:\/\/colecalatrava.es\/?p=587"},"modified":"2026-03-31T08:48:55","modified_gmt":"2026-03-31T08:48:55","slug":"calatravin-lector","status":"publish","type":"post","link":"https:\/\/colecalatrava.es\/?p=587","title":{"rendered":"CALATRAV\u00cdN LECTOR"},"content":{"rendered":"\n<p><mark style=\"background-color:rgba(0, 0, 0, 0)\" class=\"has-inline-color has-vivid-cyan-blue-color\">CURSO 25-26<\/mark><\/p>\n\n\n\n<p><mark style=\"background-color:rgba(0, 0, 0, 0)\" class=\"has-inline-color has-vivid-red-color\">6\u00ba LANZAMIENTO (marzo)<\/mark><\/p>\n\n\n\n<p>Hoy para cerrar el trimestre, hemos lanzado el Calatrav\u00edn lector en el patio. Hemos empezado de nuevo ya que el mes pasado, 2\u00baA gan\u00f3 el juego.<\/p>\n\n\n\n<p>Esta vez se ha quedado 4\u00baA en cabeza&#8230;<\/p>\n\n\n\n<figure class=\"wp-block-gallery has-nested-images columns-default is-cropped wp-block-gallery-1 is-layout-flex wp-block-gallery-is-layout-flex\">\n<figure class=\"wp-block-image size-large\"><img loading=\"lazy\" decoding=\"async\" width=\"480\" height=\"640\" data-id=\"2307\" src=\"https:\/\/colecalatrava.es\/wp-content\/uploads\/2024\/04\/IMG_6757-rotated.jpg\" alt=\"\" class=\"wp-image-2307\" srcset=\"https:\/\/colecalatrava.es\/wp-content\/uploads\/2024\/04\/IMG_6757-rotated.jpg 480w, https:\/\/colecalatrava.es\/wp-content\/uploads\/2024\/04\/IMG_6757-225x300.jpg 225w\" sizes=\"auto, (max-width: 480px) 100vw, 480px\" \/><\/figure>\n\n\n\n<figure class=\"wp-block-image size-large\"><img loading=\"lazy\" decoding=\"async\" width=\"480\" height=\"640\" data-id=\"2308\" src=\"https:\/\/colecalatrava.es\/wp-content\/uploads\/2024\/04\/IMG_6756-rotated.jpg\" alt=\"\" class=\"wp-image-2308\" srcset=\"https:\/\/colecalatrava.es\/wp-content\/uploads\/2024\/04\/IMG_6756-rotated.jpg 480w, https:\/\/colecalatrava.es\/wp-content\/uploads\/2024\/04\/IMG_6756-225x300.jpg 225w\" sizes=\"auto, (max-width: 480px) 100vw, 480px\" \/><\/figure>\n\n\n\n<figure class=\"wp-block-image size-large\"><img loading=\"lazy\" decoding=\"async\" width=\"640\" height=\"480\" data-id=\"2309\" src=\"https:\/\/colecalatrava.es\/wp-content\/uploads\/2024\/04\/IMG_6755.jpg\" alt=\"\" class=\"wp-image-2309\" srcset=\"https:\/\/colecalatrava.es\/wp-content\/uploads\/2024\/04\/IMG_6755.jpg 640w, https:\/\/colecalatrava.es\/wp-content\/uploads\/2024\/04\/IMG_6755-300x225.jpg 300w\" sizes=\"auto, (max-width: 640px) 100vw, 640px\" \/><\/figure>\n\n\n\n<figure class=\"wp-block-image size-large\"><img loading=\"lazy\" decoding=\"async\" width=\"480\" height=\"640\" data-id=\"2310\" src=\"https:\/\/colecalatrava.es\/wp-content\/uploads\/2024\/04\/IMG_6753-rotated.jpg\" alt=\"\" class=\"wp-image-2310\" srcset=\"https:\/\/colecalatrava.es\/wp-content\/uploads\/2024\/04\/IMG_6753-rotated.jpg 480w, https:\/\/colecalatrava.es\/wp-content\/uploads\/2024\/04\/IMG_6753-225x300.jpg 225w\" sizes=\"auto, (max-width: 480px) 100vw, 480px\" \/><\/figure>\n\n\n\n<figure class=\"wp-block-image size-large\"><img loading=\"lazy\" decoding=\"async\" width=\"640\" height=\"480\" data-id=\"2311\" src=\"https:\/\/colecalatrava.es\/wp-content\/uploads\/2024\/04\/IMG_6751.jpg\" alt=\"\" class=\"wp-image-2311\" srcset=\"https:\/\/colecalatrava.es\/wp-content\/uploads\/2024\/04\/IMG_6751.jpg 640w, https:\/\/colecalatrava.es\/wp-content\/uploads\/2024\/04\/IMG_6751-300x225.jpg 300w\" sizes=\"auto, (max-width: 640px) 100vw, 640px\" \/><\/figure>\n<\/figure>\n\n\n\n<p><mark style=\"background-color:rgba(0, 0, 0, 0)\" class=\"has-inline-color has-vivid-red-color\">5\u00ba LANZAMIENTO (febrero)<\/mark><\/p>\n\n\n\n<p>\u00a1Nuestros\/as chicos\/as de 2\u00baA han ganado ya el Calatrav\u00edn Lector! \u00a1Enhorabuena! El premio ha sido un bol\u00edgrafo super chulo. Ahora a empezar de nuevo&#8230;<\/p>\n\n\n\n<figure class=\"wp-block-image size-large\"><img loading=\"lazy\" decoding=\"async\" width=\"1024\" height=\"459\" src=\"https:\/\/colecalatrava.es\/wp-content\/uploads\/2026\/03\/PHOTO-2026-02-27-12-23-38-1024x459.jpg\" alt=\"\" class=\"wp-image-2173\" srcset=\"https:\/\/colecalatrava.es\/wp-content\/uploads\/2026\/03\/PHOTO-2026-02-27-12-23-38-1024x459.jpg 1024w, https:\/\/colecalatrava.es\/wp-content\/uploads\/2026\/03\/PHOTO-2026-02-27-12-23-38-300x134.jpg 300w, https:\/\/colecalatrava.es\/wp-content\/uploads\/2026\/03\/PHOTO-2026-02-27-12-23-38-768x344.jpg 768w, https:\/\/colecalatrava.es\/wp-content\/uploads\/2026\/03\/PHOTO-2026-02-27-12-23-38-1536x688.jpg 1536w, https:\/\/colecalatrava.es\/wp-content\/uploads\/2026\/03\/PHOTO-2026-02-27-12-23-38.jpg 2000w\" sizes=\"auto, (max-width: 1024px) 100vw, 1024px\" \/><\/figure>\n\n\n\n<figure class=\"wp-block-image size-large\"><img loading=\"lazy\" decoding=\"async\" width=\"459\" height=\"1024\" src=\"https:\/\/colecalatrava.es\/wp-content\/uploads\/2026\/03\/PHOTO-2026-02-27-12-23-38-1-459x1024.jpg\" alt=\"\" class=\"wp-image-2172\" srcset=\"https:\/\/colecalatrava.es\/wp-content\/uploads\/2026\/03\/PHOTO-2026-02-27-12-23-38-1-459x1024.jpg 459w, https:\/\/colecalatrava.es\/wp-content\/uploads\/2026\/03\/PHOTO-2026-02-27-12-23-38-1-134x300.jpg 134w, https:\/\/colecalatrava.es\/wp-content\/uploads\/2026\/03\/PHOTO-2026-02-27-12-23-38-1-768x1714.jpg 768w, https:\/\/colecalatrava.es\/wp-content\/uploads\/2026\/03\/PHOTO-2026-02-27-12-23-38-1-688x1536.jpg 688w, https:\/\/colecalatrava.es\/wp-content\/uploads\/2026\/03\/PHOTO-2026-02-27-12-23-38-1.jpg 896w\" sizes=\"auto, (max-width: 459px) 100vw, 459px\" \/><\/figure>\n\n\n\n<figure class=\"wp-block-image size-large\"><img loading=\"lazy\" decoding=\"async\" width=\"1024\" height=\"768\" src=\"https:\/\/colecalatrava.es\/wp-content\/uploads\/2024\/04\/PHOTO-2026-02-27-13-46-22-1024x768.jpg\" alt=\"\" class=\"wp-image-2177\" srcset=\"https:\/\/colecalatrava.es\/wp-content\/uploads\/2024\/04\/PHOTO-2026-02-27-13-46-22-1024x768.jpg 1024w, https:\/\/colecalatrava.es\/wp-content\/uploads\/2024\/04\/PHOTO-2026-02-27-13-46-22-300x225.jpg 300w, https:\/\/colecalatrava.es\/wp-content\/uploads\/2024\/04\/PHOTO-2026-02-27-13-46-22-768x576.jpg 768w, https:\/\/colecalatrava.es\/wp-content\/uploads\/2024\/04\/PHOTO-2026-02-27-13-46-22-1536x1152.jpg 1536w, https:\/\/colecalatrava.es\/wp-content\/uploads\/2024\/04\/PHOTO-2026-02-27-13-46-22.jpg 1600w\" sizes=\"auto, (max-width: 1024px) 100vw, 1024px\" \/><\/figure>\n\n\n\n<p><mark style=\"background-color:rgba(0, 0, 0, 0)\" class=\"has-inline-color has-vivid-red-color\">3\u00ba LANZAMIENTO (diciembre)<\/mark><\/p>\n\n\n\n<p>Un mes m\u00e1s, volvemos a lanzar los dados&#8230; \u00a12\u00baA sigue en cabeza!<\/p>\n\n\n\n<figure class=\"wp-block-gallery has-nested-images columns-default is-cropped wp-block-gallery-2 is-layout-flex wp-block-gallery-is-layout-flex\">\n<figure class=\"wp-block-image size-large\"><img loading=\"lazy\" decoding=\"async\" width=\"640\" height=\"480\" data-id=\"1983\" src=\"https:\/\/colecalatrava.es\/wp-content\/uploads\/2024\/04\/IMG_6283.jpg\" alt=\"\" class=\"wp-image-1983\" srcset=\"https:\/\/colecalatrava.es\/wp-content\/uploads\/2024\/04\/IMG_6283.jpg 640w, https:\/\/colecalatrava.es\/wp-content\/uploads\/2024\/04\/IMG_6283-300x225.jpg 300w\" sizes=\"auto, (max-width: 640px) 100vw, 640px\" \/><\/figure>\n\n\n\n<figure class=\"wp-block-image size-large\"><img loading=\"lazy\" decoding=\"async\" width=\"480\" height=\"640\" data-id=\"1977\" src=\"https:\/\/colecalatrava.es\/wp-content\/uploads\/2024\/04\/IMG_6282-rotated.jpg\" alt=\"\" class=\"wp-image-1977\" srcset=\"https:\/\/colecalatrava.es\/wp-content\/uploads\/2024\/04\/IMG_6282-rotated.jpg 480w, https:\/\/colecalatrava.es\/wp-content\/uploads\/2024\/04\/IMG_6282-225x300.jpg 225w\" sizes=\"auto, (max-width: 480px) 100vw, 480px\" \/><\/figure>\n<\/figure>\n\n\n\n<figure class=\"wp-block-image size-full\"><img loading=\"lazy\" decoding=\"async\" width=\"480\" height=\"640\" src=\"https:\/\/colecalatrava.es\/wp-content\/uploads\/2024\/04\/IMG_6280-1-rotated.jpg\" alt=\"\" class=\"wp-image-1991\" srcset=\"https:\/\/colecalatrava.es\/wp-content\/uploads\/2024\/04\/IMG_6280-1-rotated.jpg 480w, https:\/\/colecalatrava.es\/wp-content\/uploads\/2024\/04\/IMG_6280-1-225x300.jpg 225w\" sizes=\"auto, (max-width: 480px) 100vw, 480px\" \/><\/figure>\n\n\n\n<p><mark style=\"background-color:rgba(0, 0, 0, 0)\" class=\"has-inline-color has-vivid-red-color\">2\u00ba LANZAMIENTO (noviembre)<\/mark><\/p>\n\n\n\n<p>\u00a1Nuestros\/as chicos\/as est\u00e1n a tope con la lectura! Este mes algunos cursos han avanzado much\u00edsimo&#8230;<\/p>\n\n\n\n<figure class=\"wp-block-image size-full is-resized\"><img loading=\"lazy\" decoding=\"async\" width=\"480\" height=\"640\" src=\"https:\/\/colecalatrava.es\/wp-content\/uploads\/2024\/04\/IMG_6142-rotated.jpg\" alt=\"\" class=\"wp-image-1906\" style=\"width:480px;height:auto\" srcset=\"https:\/\/colecalatrava.es\/wp-content\/uploads\/2024\/04\/IMG_6142-rotated.jpg 480w, https:\/\/colecalatrava.es\/wp-content\/uploads\/2024\/04\/IMG_6142-225x300.jpg 225w\" sizes=\"auto, (max-width: 480px) 100vw, 480px\" \/><\/figure>\n\n\n\n<figure class=\"wp-block-gallery has-nested-images columns-default is-cropped wp-block-gallery-3 is-layout-flex wp-block-gallery-is-layout-flex\">\n<figure class=\"wp-block-image size-large\"><img loading=\"lazy\" decoding=\"async\" width=\"480\" height=\"640\" data-id=\"1907\" src=\"https:\/\/colecalatrava.es\/wp-content\/uploads\/2024\/04\/IMG_6144-rotated.jpg\" alt=\"\" class=\"wp-image-1907\" srcset=\"https:\/\/colecalatrava.es\/wp-content\/uploads\/2024\/04\/IMG_6144-rotated.jpg 480w, https:\/\/colecalatrava.es\/wp-content\/uploads\/2024\/04\/IMG_6144-225x300.jpg 225w\" sizes=\"auto, (max-width: 480px) 100vw, 480px\" \/><\/figure>\n\n\n\n<figure class=\"wp-block-image size-large\"><img loading=\"lazy\" decoding=\"async\" width=\"480\" height=\"640\" data-id=\"1908\" src=\"https:\/\/colecalatrava.es\/wp-content\/uploads\/2024\/04\/IMG_6143-rotated.jpg\" alt=\"\" class=\"wp-image-1908\" srcset=\"https:\/\/colecalatrava.es\/wp-content\/uploads\/2024\/04\/IMG_6143-rotated.jpg 480w, https:\/\/colecalatrava.es\/wp-content\/uploads\/2024\/04\/IMG_6143-225x300.jpg 225w\" sizes=\"auto, (max-width: 480px) 100vw, 480px\" \/><\/figure>\n<\/figure>\n\n\n\n<p>\u00a1As\u00ed ha quedado la cosa! Este mes 2\u00baA tendr\u00e1 la compa\u00f1\u00eda del trofeo del El Calatrav\u00edn en clase hasta el pr\u00f3ximo lanzamiento.<\/p>\n\n\n\n<p><mark style=\"background-color:rgba(0, 0, 0, 0)\" class=\"has-inline-color has-vivid-red-color\">1\u00ba LANZAMIENTO (octubre)<\/mark><\/p>\n\n\n\n<p>El primer lanzamiento de curso de nuestro juego ha coincidido con Halloween, \u00a1hasta el panel del juego se ha decorado para la ocasi\u00f3n!<\/p>\n\n\n\n<figure class=\"wp-block-image size-full\"><img loading=\"lazy\" decoding=\"async\" width=\"640\" height=\"480\" src=\"https:\/\/colecalatrava.es\/wp-content\/uploads\/2025\/11\/IMG_6042.jpg\" alt=\"\" class=\"wp-image-1826\" srcset=\"https:\/\/colecalatrava.es\/wp-content\/uploads\/2025\/11\/IMG_6042.jpg 640w, https:\/\/colecalatrava.es\/wp-content\/uploads\/2025\/11\/IMG_6042-300x225.jpg 300w\" sizes=\"auto, (max-width: 640px) 100vw, 640px\" \/><\/figure>\n\n\n\n<p>Nuestros\/as alumnos\/as han hecho su primer lanzamiento en el patio y ah\u00ed ten\u00e9is los resultados&#8230;<\/p>\n\n\n\n<figure class=\"wp-block-gallery has-nested-images columns-default is-cropped wp-block-gallery-4 is-layout-flex wp-block-gallery-is-layout-flex\">\n<figure class=\"wp-block-image size-large\"><img loading=\"lazy\" decoding=\"async\" width=\"480\" height=\"640\" data-id=\"1825\" src=\"https:\/\/colecalatrava.es\/wp-content\/uploads\/2025\/11\/IMG_6043-rotated.jpg\" alt=\"\" class=\"wp-image-1825\" srcset=\"https:\/\/colecalatrava.es\/wp-content\/uploads\/2025\/11\/IMG_6043-rotated.jpg 480w, https:\/\/colecalatrava.es\/wp-content\/uploads\/2025\/11\/IMG_6043-225x300.jpg 225w\" sizes=\"auto, (max-width: 480px) 100vw, 480px\" \/><\/figure>\n\n\n\n<figure class=\"wp-block-image size-large\"><img loading=\"lazy\" decoding=\"async\" width=\"480\" height=\"640\" data-id=\"1822\" src=\"https:\/\/colecalatrava.es\/wp-content\/uploads\/2025\/11\/IMG_6049-rotated.jpg\" alt=\"\" class=\"wp-image-1822\" srcset=\"https:\/\/colecalatrava.es\/wp-content\/uploads\/2025\/11\/IMG_6049-rotated.jpg 480w, https:\/\/colecalatrava.es\/wp-content\/uploads\/2025\/11\/IMG_6049-225x300.jpg 225w\" sizes=\"auto, (max-width: 480px) 100vw, 480px\" \/><\/figure>\n\n\n\n<figure class=\"wp-block-image size-large\"><img loading=\"lazy\" decoding=\"async\" width=\"473\" height=\"1024\" data-id=\"1818\" src=\"https:\/\/colecalatrava.es\/wp-content\/uploads\/2025\/11\/PHOTO-2025-10-30-12-42-20-473x1024.jpg\" alt=\"\" class=\"wp-image-1818\" srcset=\"https:\/\/colecalatrava.es\/wp-content\/uploads\/2025\/11\/PHOTO-2025-10-30-12-42-20-473x1024.jpg 473w, https:\/\/colecalatrava.es\/wp-content\/uploads\/2025\/11\/PHOTO-2025-10-30-12-42-20-139x300.jpg 139w, https:\/\/colecalatrava.es\/wp-content\/uploads\/2025\/11\/PHOTO-2025-10-30-12-42-20-768x1663.jpg 768w, https:\/\/colecalatrava.es\/wp-content\/uploads\/2025\/11\/PHOTO-2025-10-30-12-42-20-709x1536.jpg 709w, https:\/\/colecalatrava.es\/wp-content\/uploads\/2025\/11\/PHOTO-2025-10-30-12-42-20.jpg 942w\" sizes=\"auto, (max-width: 473px) 100vw, 473px\" \/><\/figure>\n\n\n\n<figure class=\"wp-block-image size-large\"><img loading=\"lazy\" decoding=\"async\" width=\"640\" height=\"360\" data-id=\"1810\" src=\"https:\/\/colecalatrava.es\/wp-content\/uploads\/2025\/11\/PHOTO-2025-10-30-15-58-32.jpg\" alt=\"\" class=\"wp-image-1810\" srcset=\"https:\/\/colecalatrava.es\/wp-content\/uploads\/2025\/11\/PHOTO-2025-10-30-15-58-32.jpg 640w, https:\/\/colecalatrava.es\/wp-content\/uploads\/2025\/11\/PHOTO-2025-10-30-15-58-32-300x169.jpg 300w\" sizes=\"auto, (max-width: 640px) 100vw, 640px\" \/><\/figure>\n<\/figure>\n\n\n\n<p><mark style=\"background-color:rgba(0, 0, 0, 0)\" class=\"has-inline-color has-vivid-red-color\">\u00daLTIMO LANZAMIENTO (junio)<\/mark><\/p>\n\n\n\n<p>Hoy hemos lanzado los dados a lo grande, en el escenario que han colocado en el patio. Los ganadores de Primaria han sido 2\u00baA y de Infantil 3 a\u00f1os. Para ellos, el premio ha sido un mini-estuche con colores y sacapuntas incluidos. Para el resto del alumnado, un llavero de emoticono. \u00a1El pr\u00f3ximo curso m\u00e1s y mejor!<\/p>\n\n\n\n<figure class=\"wp-block-gallery has-nested-images columns-default is-cropped wp-block-gallery-5 is-layout-flex wp-block-gallery-is-layout-flex\">\n<figure class=\"wp-block-image size-large\"><img loading=\"lazy\" decoding=\"async\" width=\"640\" height=\"480\" data-id=\"1725\" src=\"https:\/\/colecalatrava.es\/wp-content\/uploads\/2025\/06\/IMG_5530.jpg\" alt=\"\" class=\"wp-image-1725\" srcset=\"https:\/\/colecalatrava.es\/wp-content\/uploads\/2025\/06\/IMG_5530.jpg 640w, https:\/\/colecalatrava.es\/wp-content\/uploads\/2025\/06\/IMG_5530-300x225.jpg 300w\" sizes=\"auto, (max-width: 640px) 100vw, 640px\" \/><\/figure>\n\n\n\n<figure class=\"wp-block-image size-large\"><img loading=\"lazy\" decoding=\"async\" width=\"640\" height=\"480\" data-id=\"1726\" src=\"https:\/\/colecalatrava.es\/wp-content\/uploads\/2025\/06\/IMG_5529.jpg\" alt=\"\" class=\"wp-image-1726\" srcset=\"https:\/\/colecalatrava.es\/wp-content\/uploads\/2025\/06\/IMG_5529.jpg 640w, https:\/\/colecalatrava.es\/wp-content\/uploads\/2025\/06\/IMG_5529-300x225.jpg 300w\" sizes=\"auto, (max-width: 640px) 100vw, 640px\" \/><\/figure>\n<\/figure>\n\n\n\n<p><mark style=\"background-color:rgba(0, 0, 0, 0)\" class=\"has-inline-color has-vivid-red-color\">7\u00ba LANZAMIENTO (abril)<\/mark><\/p>\n\n\n\n<p>Aunque hemos comenzado de nuevo porque el mes pasado 4\u00baA finaliz\u00f3 el juego, de nuevo quedan en cabeza. Adem\u00e1s de ser grandes lectores, tienen mucha suerte al lanzar los dados porque&#8230; \u00a1no hay qui\u00e9n los desbanque del primer puesto!<\/p>\n\n\n\n<figure class=\"wp-block-image size-full is-resized\"><img loading=\"lazy\" decoding=\"async\" width=\"480\" height=\"640\" src=\"https:\/\/colecalatrava.es\/wp-content\/uploads\/2024\/04\/IMG_5181-rotated.jpg\" alt=\"\" class=\"wp-image-1511\" style=\"width:352px;height:auto\" srcset=\"https:\/\/colecalatrava.es\/wp-content\/uploads\/2024\/04\/IMG_5181-rotated.jpg 480w, https:\/\/colecalatrava.es\/wp-content\/uploads\/2024\/04\/IMG_5181-225x300.jpg 225w\" sizes=\"auto, (max-width: 480px) 100vw, 480px\" \/><\/figure>\n\n\n\n<figure class=\"wp-block-image size-full\"><img loading=\"lazy\" decoding=\"async\" width=\"480\" height=\"640\" src=\"https:\/\/colecalatrava.es\/wp-content\/uploads\/2024\/04\/IMG_5183-rotated.jpg\" alt=\"\" class=\"wp-image-1510\" srcset=\"https:\/\/colecalatrava.es\/wp-content\/uploads\/2024\/04\/IMG_5183-rotated.jpg 480w, https:\/\/colecalatrava.es\/wp-content\/uploads\/2024\/04\/IMG_5183-225x300.jpg 225w\" sizes=\"auto, (max-width: 480px) 100vw, 480px\" \/><\/figure>\n\n\n\n<p><mark style=\"background-color:rgba(0, 0, 0, 0)\" class=\"has-inline-color has-vivid-red-color\">6\u00ba LANZAMIENTO (marzo)<\/mark><\/p>\n\n\n\n<p>Nuestro alumnado de 4\u00baB mantiene su tendencia y \u00a1ha ganado! Han alcanzado la casilla final, as\u00ed que toca comenzar de nuevo el juego.<\/p>\n\n\n\n<figure class=\"wp-block-image size-full\"><img loading=\"lazy\" decoding=\"async\" width=\"480\" height=\"640\" src=\"https:\/\/colecalatrava.es\/wp-content\/uploads\/2025\/03\/IMG_5011-rotated.jpg\" alt=\"\" class=\"wp-image-1365\" srcset=\"https:\/\/colecalatrava.es\/wp-content\/uploads\/2025\/03\/IMG_5011-rotated.jpg 480w, https:\/\/colecalatrava.es\/wp-content\/uploads\/2025\/03\/IMG_5011-225x300.jpg 225w\" sizes=\"auto, (max-width: 480px) 100vw, 480px\" \/><\/figure>\n\n\n\n<p>Hoy, coincidiendo con que 4\u00baB llegar\u00eda a la casilla final, hemos hecho el lanzamiento de dados en el patio. El d\u00eda ha acompa\u00f1ado y nuestros\/as alumnos\/as han desayunado mientras los distintos grupos lanzaban los dados.<\/p>\n\n\n\n<figure class=\"wp-block-image size-full\"><img loading=\"lazy\" decoding=\"async\" width=\"640\" height=\"480\" src=\"https:\/\/colecalatrava.es\/wp-content\/uploads\/2025\/03\/IMG_5010-1.jpg\" alt=\"\" class=\"wp-image-1362\" srcset=\"https:\/\/colecalatrava.es\/wp-content\/uploads\/2025\/03\/IMG_5010-1.jpg 640w, https:\/\/colecalatrava.es\/wp-content\/uploads\/2025\/03\/IMG_5010-1-300x225.jpg 300w\" sizes=\"auto, (max-width: 640px) 100vw, 640px\" \/><\/figure>\n\n\n\n<p>Para cerrar la actividad, 4\u00baB ha recibido un peque\u00f1o detalle para valorar su esfuerzo. \u00a1Enhorabuena, chicos\/as!<\/p>\n\n\n\n<figure class=\"wp-block-image size-full\"><img loading=\"lazy\" decoding=\"async\" width=\"640\" height=\"480\" src=\"https:\/\/colecalatrava.es\/wp-content\/uploads\/2025\/03\/IMG_5013.jpg\" alt=\"\" class=\"wp-image-1361\" srcset=\"https:\/\/colecalatrava.es\/wp-content\/uploads\/2025\/03\/IMG_5013.jpg 640w, https:\/\/colecalatrava.es\/wp-content\/uploads\/2025\/03\/IMG_5013-300x225.jpg 300w\" sizes=\"auto, (max-width: 640px) 100vw, 640px\" \/><\/figure>\n\n\n\n<figure class=\"wp-block-image size-full\"><img loading=\"lazy\" decoding=\"async\" width=\"480\" height=\"640\" src=\"https:\/\/colecalatrava.es\/wp-content\/uploads\/2025\/03\/IMG_5015-rotated.jpg\" alt=\"\" class=\"wp-image-1360\" srcset=\"https:\/\/colecalatrava.es\/wp-content\/uploads\/2025\/03\/IMG_5015-rotated.jpg 480w, https:\/\/colecalatrava.es\/wp-content\/uploads\/2025\/03\/IMG_5015-225x300.jpg 225w\" sizes=\"auto, (max-width: 480px) 100vw, 480px\" \/><\/figure>\n\n\n\n<p><mark style=\"background-color:rgba(0, 0, 0, 0)\" class=\"has-inline-color has-vivid-red-color\">5\u00ba LANZAMIENTO (febrero)<\/mark><\/p>\n\n\n\n<p>Pues as\u00ed ha quedado la cosa este mes&#8230; \u00a14\u00ba B de nuevo en cabeza y a puntito de llegar al final!<\/p>\n\n\n\n<figure class=\"wp-block-image size-full\"><img loading=\"lazy\" decoding=\"async\" width=\"480\" height=\"640\" src=\"https:\/\/colecalatrava.es\/wp-content\/uploads\/2024\/04\/IMG_4728-rotated.jpg\" alt=\"\" class=\"wp-image-1195\" srcset=\"https:\/\/colecalatrava.es\/wp-content\/uploads\/2024\/04\/IMG_4728-rotated.jpg 480w, https:\/\/colecalatrava.es\/wp-content\/uploads\/2024\/04\/IMG_4728-225x300.jpg 225w\" sizes=\"auto, (max-width: 480px) 100vw, 480px\" \/><\/figure>\n\n\n\n<figure class=\"wp-block-image size-full\"><img loading=\"lazy\" decoding=\"async\" width=\"640\" height=\"480\" src=\"https:\/\/colecalatrava.es\/wp-content\/uploads\/2024\/04\/IMG_4729.jpg\" alt=\"\" class=\"wp-image-1194\" srcset=\"https:\/\/colecalatrava.es\/wp-content\/uploads\/2024\/04\/IMG_4729.jpg 640w, https:\/\/colecalatrava.es\/wp-content\/uploads\/2024\/04\/IMG_4729-300x225.jpg 300w\" sizes=\"auto, (max-width: 640px) 100vw, 640px\" \/><\/figure>\n\n\n\n<p><mark style=\"background-color:rgba(0, 0, 0, 0)\" class=\"has-inline-color has-vivid-red-color\">4\u00ba LANZAMIENTO (enero)<\/mark><\/p>\n\n\n\n<p>Este mes en cabeza 4\u00baB y por la casilla 70 ni m\u00e1s ni menos, \u00a1los cuartos est\u00e1n que se salen!<\/p>\n\n\n\n<figure class=\"wp-block-image size-full\"><img loading=\"lazy\" decoding=\"async\" width=\"640\" height=\"480\" src=\"https:\/\/colecalatrava.es\/wp-content\/uploads\/2025\/02\/IMG_4543.jpg\" alt=\"\" class=\"wp-image-1080\" srcset=\"https:\/\/colecalatrava.es\/wp-content\/uploads\/2025\/02\/IMG_4543.jpg 640w, https:\/\/colecalatrava.es\/wp-content\/uploads\/2025\/02\/IMG_4543-300x225.jpg 300w\" sizes=\"auto, (max-width: 640px) 100vw, 640px\" \/><\/figure>\n\n\n\n<figure class=\"wp-block-image size-full\"><img loading=\"lazy\" decoding=\"async\" width=\"480\" height=\"640\" src=\"https:\/\/colecalatrava.es\/wp-content\/uploads\/2025\/02\/IMG_4544-rotated.jpg\" alt=\"\" class=\"wp-image-1079\" srcset=\"https:\/\/colecalatrava.es\/wp-content\/uploads\/2025\/02\/IMG_4544-rotated.jpg 480w, https:\/\/colecalatrava.es\/wp-content\/uploads\/2025\/02\/IMG_4544-225x300.jpg 225w\" sizes=\"auto, (max-width: 480px) 100vw, 480px\" \/><\/figure>\n\n\n\n<p><mark style=\"background-color:rgba(0, 0, 0, 0)\" class=\"has-inline-color has-vivid-red-color\">3\u00ba LANZAMIENTO (diciembre)<\/mark><\/p>\n\n\n\n<p>\u00a1Volvemos a lanzar de nuevo y a superar pruebas! Ah\u00ed ten\u00e9is el resultado de este mes&#8230; 4\u00baA en cabeza se lleva al \u00abCalatrav\u00edn Lector\u00bb.<\/p>\n\n\n\n<figure class=\"wp-block-image size-full is-resized\"><img loading=\"lazy\" decoding=\"async\" width=\"757\" height=\"1024\" src=\"https:\/\/colecalatrava.es\/wp-content\/uploads\/2024\/04\/image-4.jpeg\" alt=\"La imagen tiene un atributo ALT vac\u00edo; su nombre de archivo es 293be133-7e8b-4fa5-8336-fe37aeb79f9b-757x1024.jpg\" class=\"wp-image-1029\" style=\"width:342px;height:auto\" srcset=\"https:\/\/colecalatrava.es\/wp-content\/uploads\/2024\/04\/image-4.jpeg 757w, https:\/\/colecalatrava.es\/wp-content\/uploads\/2024\/04\/image-4-222x300.jpeg 222w\" sizes=\"auto, (max-width: 757px) 100vw, 757px\" \/><\/figure>\n\n\n\n<figure class=\"wp-block-image size-large\"><img loading=\"lazy\" decoding=\"async\" width=\"1024\" height=\"630\" src=\"https:\/\/colecalatrava.es\/wp-content\/uploads\/2024\/12\/8cf10daf-6db8-4866-82e8-a7cca9e45077-1024x630.jpg\" alt=\"\" class=\"wp-image-1001\" srcset=\"https:\/\/colecalatrava.es\/wp-content\/uploads\/2024\/12\/8cf10daf-6db8-4866-82e8-a7cca9e45077-1024x630.jpg 1024w, https:\/\/colecalatrava.es\/wp-content\/uploads\/2024\/12\/8cf10daf-6db8-4866-82e8-a7cca9e45077-300x185.jpg 300w, https:\/\/colecalatrava.es\/wp-content\/uploads\/2024\/12\/8cf10daf-6db8-4866-82e8-a7cca9e45077-768x473.jpg 768w, https:\/\/colecalatrava.es\/wp-content\/uploads\/2024\/12\/8cf10daf-6db8-4866-82e8-a7cca9e45077.jpg 1431w\" sizes=\"auto, (max-width: 1024px) 100vw, 1024px\" \/><\/figure>\n\n\n\n<p><mark style=\"background-color:rgba(0, 0, 0, 0)\" class=\"has-inline-color has-vivid-red-color\">2\u00ba LANZAMIENTO (noviembre)<\/mark><\/p>\n\n\n\n<p>\u00a1De nuevo toca lanzamiento de nuestro juego! Nuestros\/as chicos\/as no paran de leer para conseguir m\u00e1s lanzamientos y las pruebas que ten\u00edan que realizar algunos, las han hecho de maravilla lo cual quiere decir que tienen lanzamiento extra<\/p>\n\n\n\n<p>. Este mes 6\u00ba B en cabeza, as\u00ed que el Calatrav\u00edn estar\u00e1 con ellos hasta el pr\u00f3ximo lanzamiento&#8230;<\/p>\n\n\n\n<figure class=\"wp-block-image size-full\"><img loading=\"lazy\" decoding=\"async\" width=\"640\" height=\"480\" src=\"https:\/\/colecalatrava.es\/wp-content\/uploads\/2024\/04\/IMG_4323.jpg\" alt=\"\" class=\"wp-image-984\" srcset=\"https:\/\/colecalatrava.es\/wp-content\/uploads\/2024\/04\/IMG_4323.jpg 640w, https:\/\/colecalatrava.es\/wp-content\/uploads\/2024\/04\/IMG_4323-300x225.jpg 300w\" sizes=\"auto, (max-width: 640px) 100vw, 640px\" \/><\/figure>\n\n\n\n<figure class=\"wp-block-image size-full\"><img loading=\"lazy\" decoding=\"async\" width=\"480\" height=\"640\" src=\"https:\/\/colecalatrava.es\/wp-content\/uploads\/2024\/04\/IMG_4324-rotated.jpg\" alt=\"\" class=\"wp-image-985\" srcset=\"https:\/\/colecalatrava.es\/wp-content\/uploads\/2024\/04\/IMG_4324-rotated.jpg 480w, https:\/\/colecalatrava.es\/wp-content\/uploads\/2024\/04\/IMG_4324-225x300.jpg 225w\" sizes=\"auto, (max-width: 480px) 100vw, 480px\" \/><\/figure>\n\n\n\n<p>\u00a1<mark style=\"background-color:rgba(0, 0, 0, 0)\" class=\"has-inline-color has-vivid-red-color\">PRIMER LANZAMIENTO DEL CURSO 24\/25!<\/mark><\/p>\n\n\n\n<p>El Calatrav\u00edn Lector empieza de nuevo. Os recuerdo que el objetivo es conseguir avanzar casillas hasta llegar a la meta. Habr\u00e1 un d\u00eda de lanzamiento de dados mensual en el que ir\u00e1n los encargados\/as que designen los tutores. Cuantos m\u00e1s libros leen los\/as ni\u00f1os\/as de cada clase, m\u00e1s lanzamientos consiguen y m\u00e1s posibilidades tienen de avanzar. A partir de ahora, el grupo que va en cabeza se lleva a su clase al mismo Calatrav\u00edn hasta el pr\u00f3ximo lanzamiento. Tambi\u00e9n tenemos nuevos retos que tendr\u00e1n que resolver en clase cuando caen en la casilla de \u00abprueba\u00bb. \u00a1\u00c1nimo y a leer!<\/p>\n\n\n\n<p>As\u00ed ha sido el lanzamiento de octubre&#8230;<\/p>\n\n\n\n<figure class=\"wp-block-image size-full is-resized\"><img loading=\"lazy\" decoding=\"async\" width=\"480\" height=\"640\" src=\"https:\/\/colecalatrava.es\/wp-content\/uploads\/2024\/04\/ab71f6c6-5c5a-4091-ae41-0dec48a1ae8d.jpg\" alt=\"\" class=\"wp-image-870\" style=\"width:326px;height:auto\" srcset=\"https:\/\/colecalatrava.es\/wp-content\/uploads\/2024\/04\/ab71f6c6-5c5a-4091-ae41-0dec48a1ae8d.jpg 480w, https:\/\/colecalatrava.es\/wp-content\/uploads\/2024\/04\/ab71f6c6-5c5a-4091-ae41-0dec48a1ae8d-225x300.jpg 225w\" sizes=\"auto, (max-width: 480px) 100vw, 480px\" \/><\/figure>\n\n\n\n<figure class=\"wp-block-image size-full\"><img loading=\"lazy\" decoding=\"async\" width=\"640\" height=\"480\" src=\"https:\/\/colecalatrava.es\/wp-content\/uploads\/2024\/04\/c435b6ee-a87a-45ef-b529-43b03d38ef05-1.jpg\" alt=\"\" class=\"wp-image-877\" srcset=\"https:\/\/colecalatrava.es\/wp-content\/uploads\/2024\/04\/c435b6ee-a87a-45ef-b529-43b03d38ef05-1.jpg 640w, https:\/\/colecalatrava.es\/wp-content\/uploads\/2024\/04\/c435b6ee-a87a-45ef-b529-43b03d38ef05-1-300x225.jpg 300w\" sizes=\"auto, (max-width: 640px) 100vw, 640px\" \/><\/figure>\n\n\n\n<p>El grupo de 3 a\u00f1os ha quedado en cabeza con 20 puntos, as\u00ed que ellos son los que se quedan con el Calatrav\u00edn hasta el pr\u00f3ximo lanzamiento. \u00a1Enhorabuena!<\/p>\n\n\n\n<figure class=\"wp-block-image size-full is-resized\"><img loading=\"lazy\" decoding=\"async\" width=\"456\" height=\"640\" src=\"https:\/\/colecalatrava.es\/wp-content\/uploads\/2024\/04\/IMG_4092.jpg\" alt=\"\" class=\"wp-image-874\" style=\"width:351px;height:auto\" srcset=\"https:\/\/colecalatrava.es\/wp-content\/uploads\/2024\/04\/IMG_4092.jpg 456w, https:\/\/colecalatrava.es\/wp-content\/uploads\/2024\/04\/IMG_4092-214x300.jpg 214w\" sizes=\"auto, (max-width: 456px) 100vw, 456px\" \/><\/figure>\n\n\n\n<figure class=\"wp-block-image size-full is-resized\"><img loading=\"lazy\" decoding=\"async\" width=\"480\" height=\"640\" src=\"https:\/\/colecalatrava.es\/wp-content\/uploads\/2024\/04\/IMG_4080-rotated.jpg\" alt=\"\" class=\"wp-image-878\" style=\"width:345px;height:auto\" srcset=\"https:\/\/colecalatrava.es\/wp-content\/uploads\/2024\/04\/IMG_4080-rotated.jpg 480w, https:\/\/colecalatrava.es\/wp-content\/uploads\/2024\/04\/IMG_4080-225x300.jpg 225w\" sizes=\"auto, (max-width: 480px) 100vw, 480px\" \/><\/figure>\n\n\n\n<p><mark style=\"background-color:rgba(0, 0, 0, 0)\" class=\"has-inline-color has-vivid-cyan-blue-color\">CURSO 23\/24<\/mark><\/p>\n\n\n\n<p><strong>MES DE MARZO.<\/strong><\/p>\n\n\n\n<p>\u00a1Comenzamos el juego del \u00abCalatrav\u00edn Lector\u00bb! \u00bfQuieres saber c\u00f3mo se juega? Es muy sencillo, el objetivo es conseguir avanzar casillas hasta llegar a la meta. Habr\u00e1 un d\u00eda de lanzamiento de dados mensual en el que ir\u00e1n los encargados\/as que designen los tutores. Cuantos m\u00e1s libros leen los\/as ni\u00f1os\/as de cada clase, m\u00e1s lanzamientos consiguen y m\u00e1s posibilidades tienen de avanzar (cada 5 libros le\u00eddos, dos lanzamientos). Algunas casillas tendr\u00e1n pruebas que tendr\u00e1 que realizar toda la clase. \u00a1\u00c1nimo, y a leer!<\/p>\n\n\n\n<p>Ya hemos hecho el primer lanzamiento y estas son las casillas donde se han situado las diferentes clases despu\u00e9s de realizar los lanzamientos del dado.<\/p>\n\n\n\n<figure class=\"wp-block-image size-large\"><img loading=\"lazy\" decoding=\"async\" width=\"736\" height=\"1024\" src=\"https:\/\/colecalatrava.es\/wp-content\/uploads\/2024\/04\/27cf5014-1005-4227-b2e3-fb375d418f03-736x1024.jpg\" alt=\"\" class=\"wp-image-589\" srcset=\"https:\/\/colecalatrava.es\/wp-content\/uploads\/2024\/04\/27cf5014-1005-4227-b2e3-fb375d418f03-736x1024.jpg 736w, https:\/\/colecalatrava.es\/wp-content\/uploads\/2024\/04\/27cf5014-1005-4227-b2e3-fb375d418f03-216x300.jpg 216w, https:\/\/colecalatrava.es\/wp-content\/uploads\/2024\/04\/27cf5014-1005-4227-b2e3-fb375d418f03-768x1069.jpg 768w, https:\/\/colecalatrava.es\/wp-content\/uploads\/2024\/04\/27cf5014-1005-4227-b2e3-fb375d418f03-1104x1536.jpg 1104w, https:\/\/colecalatrava.es\/wp-content\/uploads\/2024\/04\/27cf5014-1005-4227-b2e3-fb375d418f03.jpg 1349w\" sizes=\"auto, (max-width: 736px) 100vw, 736px\" \/><\/figure>\n\n\n\n<figure class=\"wp-block-image size-large\"><img loading=\"lazy\" decoding=\"async\" width=\"576\" height=\"1024\" src=\"https:\/\/colecalatrava.es\/wp-content\/uploads\/2024\/04\/1bb89aa7-b4a6-4b60-a9ba-66d3af9c52a6-576x1024.jpg\" alt=\"\" class=\"wp-image-590\" srcset=\"https:\/\/colecalatrava.es\/wp-content\/uploads\/2024\/04\/1bb89aa7-b4a6-4b60-a9ba-66d3af9c52a6-576x1024.jpg 576w, https:\/\/colecalatrava.es\/wp-content\/uploads\/2024\/04\/1bb89aa7-b4a6-4b60-a9ba-66d3af9c52a6-169x300.jpg 169w, https:\/\/colecalatrava.es\/wp-content\/uploads\/2024\/04\/1bb89aa7-b4a6-4b60-a9ba-66d3af9c52a6-768x1365.jpg 768w, https:\/\/colecalatrava.es\/wp-content\/uploads\/2024\/04\/1bb89aa7-b4a6-4b60-a9ba-66d3af9c52a6-864x1536.jpg 864w, https:\/\/colecalatrava.es\/wp-content\/uploads\/2024\/04\/1bb89aa7-b4a6-4b60-a9ba-66d3af9c52a6.jpg 900w\" sizes=\"auto, (max-width: 576px) 100vw, 576px\" \/><\/figure>\n\n\n\n<figure class=\"wp-block-image size-large\"><img loading=\"lazy\" decoding=\"async\" width=\"576\" height=\"1024\" src=\"https:\/\/colecalatrava.es\/wp-content\/uploads\/2024\/04\/3a530eea-d5dc-420b-ae40-3b6ed8a7f816-576x1024.jpg\" alt=\"\" class=\"wp-image-591\" srcset=\"https:\/\/colecalatrava.es\/wp-content\/uploads\/2024\/04\/3a530eea-d5dc-420b-ae40-3b6ed8a7f816-576x1024.jpg 576w, https:\/\/colecalatrava.es\/wp-content\/uploads\/2024\/04\/3a530eea-d5dc-420b-ae40-3b6ed8a7f816-169x300.jpg 169w, https:\/\/colecalatrava.es\/wp-content\/uploads\/2024\/04\/3a530eea-d5dc-420b-ae40-3b6ed8a7f816-768x1365.jpg 768w, https:\/\/colecalatrava.es\/wp-content\/uploads\/2024\/04\/3a530eea-d5dc-420b-ae40-3b6ed8a7f816-864x1536.jpg 864w, https:\/\/colecalatrava.es\/wp-content\/uploads\/2024\/04\/3a530eea-d5dc-420b-ae40-3b6ed8a7f816.jpg 900w\" sizes=\"auto, (max-width: 576px) 100vw, 576px\" \/><\/figure>\n\n\n\n<p>Esta es la situaci\u00f3n de las fichas de las diferentes clases en el tablero despu\u00e9s de realizar los lanzamientos. En primera posici\u00f3n tenemos a 6\u00baA situ\u00e1ndose en la casilla n\u00famero 18 y sigui\u00e9ndoles los talones est\u00e1 3\u00baB en la casilla 17.<\/p>\n\n\n\n<p><strong>MES DE ABRIL.<\/strong><\/p>\n\n\n\n<p>Este mes de abril hemos realizado dos d\u00edas de jornadas culturales que el colegio hemos hecho coincidir con el d\u00eda del libro, el 23 de abril. Como no pod\u00eda ser de otra forma hoy hemos hecho los lanzamientos de dados por las diferentes clases seg\u00fan los libros le\u00eddos este mes. Los resultados han sido los siguientes:<\/p>\n\n\n\n<p><\/p>\n\n\n\n<figure class=\"wp-block-image size-full is-resized\"><img loading=\"lazy\" decoding=\"async\" width=\"480\" height=\"640\" src=\"https:\/\/colecalatrava.es\/wp-content\/uploads\/2024\/04\/IMG_3348-rotated.jpg\" alt=\"\" class=\"wp-image-651\" style=\"width:382px;height:auto\" srcset=\"https:\/\/colecalatrava.es\/wp-content\/uploads\/2024\/04\/IMG_3348-rotated.jpg 480w, https:\/\/colecalatrava.es\/wp-content\/uploads\/2024\/04\/IMG_3348-225x300.jpg 225w\" sizes=\"auto, (max-width: 480px) 100vw, 480px\" \/><\/figure>\n\n\n\n<figure class=\"wp-block-image size-full is-resized\"><img loading=\"lazy\" decoding=\"async\" width=\"640\" height=\"480\" src=\"https:\/\/colecalatrava.es\/wp-content\/uploads\/2024\/04\/IMG_3347.jpg\" alt=\"\" class=\"wp-image-652\" style=\"width:606px;height:auto\" srcset=\"https:\/\/colecalatrava.es\/wp-content\/uploads\/2024\/04\/IMG_3347.jpg 640w, https:\/\/colecalatrava.es\/wp-content\/uploads\/2024\/04\/IMG_3347-300x225.jpg 300w\" sizes=\"auto, (max-width: 640px) 100vw, 640px\" \/><\/figure>\n\n\n\n<figure class=\"wp-block-image size-full is-resized\"><img loading=\"lazy\" decoding=\"async\" width=\"480\" height=\"640\" src=\"https:\/\/colecalatrava.es\/wp-content\/uploads\/2024\/04\/IMG_3344-rotated.jpg\" alt=\"\" class=\"wp-image-657\" style=\"width:296px;height:auto\" srcset=\"https:\/\/colecalatrava.es\/wp-content\/uploads\/2024\/04\/IMG_3344-rotated.jpg 480w, https:\/\/colecalatrava.es\/wp-content\/uploads\/2024\/04\/IMG_3344-225x300.jpg 225w\" sizes=\"auto, (max-width: 480px) 100vw, 480px\" \/><\/figure>\n\n\n\n<p><strong>MES DE MAYO<\/strong>.<\/p>\n\n\n\n<p>\u00bfEsto est\u00e1 cada vez m\u00e1s re\u00f1ido! Y es que nuestros\/as alumnos\/as cada vez leen m\u00e1s para conseguir m\u00e1s lanzamientos. \u00bfQui\u00e9n ser\u00e1 el primero en llegar a la meta? Aqu\u00ed os dejamos los resultados de este mes&#8230;<\/p>\n\n\n\n<figure class=\"wp-block-image size-full\"><img loading=\"lazy\" decoding=\"async\" width=\"640\" height=\"464\" src=\"https:\/\/colecalatrava.es\/wp-content\/uploads\/2024\/05\/IMG_3490.jpg\" alt=\"\" class=\"wp-image-774\" srcset=\"https:\/\/colecalatrava.es\/wp-content\/uploads\/2024\/05\/IMG_3490.jpg 640w, https:\/\/colecalatrava.es\/wp-content\/uploads\/2024\/05\/IMG_3490-300x218.jpg 300w\" sizes=\"auto, (max-width: 640px) 100vw, 640px\" \/><\/figure>\n\n\n\n<figure class=\"wp-block-image size-full\"><img loading=\"lazy\" decoding=\"async\" width=\"480\" height=\"640\" src=\"https:\/\/colecalatrava.es\/wp-content\/uploads\/2024\/05\/IMG_3489-rotated.jpg\" alt=\"\" class=\"wp-image-775\" srcset=\"https:\/\/colecalatrava.es\/wp-content\/uploads\/2024\/05\/IMG_3489-rotated.jpg 480w, https:\/\/colecalatrava.es\/wp-content\/uploads\/2024\/05\/IMG_3489-225x300.jpg 225w\" sizes=\"auto, (max-width: 480px) 100vw, 480px\" \/><\/figure>\n\n\n\n<p><strong>MES DE JUNIO<\/strong>.<\/p>\n\n\n\n<p>Hoy ha terminado el juego del Calatrav\u00edn Lector. Despu\u00e9s del recreo, todos los grupos nos hemos quedado en el patio para hacer los \u00faltimos lanzamientos, \u00a1y cu\u00e1ntos lanzamientos! Es que nuestros\/as alumnos\/as han le\u00eddo muchos libros y han acumulado un mont\u00f3n de lanzamientos.<\/p>\n\n\n\n<figure class=\"wp-block-image size-full is-resized\"><img loading=\"lazy\" decoding=\"async\" width=\"640\" height=\"480\" src=\"https:\/\/colecalatrava.es\/wp-content\/uploads\/2024\/04\/IMG_3617.jpg\" alt=\"\" class=\"wp-image-806\" style=\"width:548px;height:auto\" srcset=\"https:\/\/colecalatrava.es\/wp-content\/uploads\/2024\/04\/IMG_3617.jpg 640w, https:\/\/colecalatrava.es\/wp-content\/uploads\/2024\/04\/IMG_3617-300x225.jpg 300w\" sizes=\"auto, (max-width: 640px) 100vw, 640px\" \/><\/figure>\n\n\n\n<p>Aunque ha estado muy re\u00f1ido, los ganadores han sido el grupo de 6\u00ba A en E. Primaria y 5 a\u00f1os B en E. Infantil.<\/p>\n\n\n\n<figure class=\"wp-block-image size-full\"><img loading=\"lazy\" decoding=\"async\" width=\"480\" height=\"640\" src=\"https:\/\/colecalatrava.es\/wp-content\/uploads\/2024\/06\/IMG_3619-1-rotated.jpg\" alt=\"\" class=\"wp-image-803\" srcset=\"https:\/\/colecalatrava.es\/wp-content\/uploads\/2024\/06\/IMG_3619-1-rotated.jpg 480w, https:\/\/colecalatrava.es\/wp-content\/uploads\/2024\/06\/IMG_3619-1-225x300.jpg 225w\" sizes=\"auto, (max-width: 480px) 100vw, 480px\" \/><\/figure>\n\n\n\n<p>Aunque los ganadores han recibido un premio para cada alumno\/a, el resto de alumnado ha recibido un peque\u00f1o detalle para valorar la motivaci\u00f3n que han mostrado. <\/p>\n\n\n\n<p>El pr\u00f3ximo curso retomaremos esta actividad de nuevo, as\u00ed que&#8230; \u00a1todos a leer!!!<\/p>\n","protected":false},"excerpt":{"rendered":"<p>CURSO 25-26 6\u00ba LANZAMIENTO (marzo) Hoy para cerrar el trimestre, hemos lanzado el Calatrav\u00edn lector en el patio. Hemos empezado de nuevo ya que el mes pasado, 2\u00baA gan\u00f3 el juego. Esta vez se ha quedado 4\u00baA en cabeza&#8230; 5\u00ba LANZAMIENTO (febrero) \u00a1Nuestros\/as chicos\/as de 2\u00baA han ganado ya el Calatrav\u00edn Lector! \u00a1Enhorabuena! El premio [&hellip;]<\/p>\n","protected":false},"author":1,"featured_media":588,"comment_status":"open","ping_status":"closed","sticky":false,"template":"","format":"standard","meta":{"footnotes":""},"categories":[1],"tags":[],"class_list":["post-587","post","type-post","status-publish","format-standard","has-post-thumbnail","hentry","category-uncategorized"],"_links":{"self":[{"href":"https:\/\/colecalatrava.es\/index.php?rest_route=\/wp\/v2\/posts\/587","targetHints":{"allow":["GET"]}}],"collection":[{"href":"https:\/\/colecalatrava.es\/index.php?rest_route=\/wp\/v2\/posts"}],"about":[{"href":"https:\/\/colecalatrava.es\/index.php?rest_route=\/wp\/v2\/types\/post"}],"author":[{"embeddable":true,"href":"https:\/\/colecalatrava.es\/index.php?rest_route=\/wp\/v2\/users\/1"}],"replies":[{"embeddable":true,"href":"https:\/\/colecalatrava.es\/index.php?rest_route=%2Fwp%2Fv2%2Fcomments&post=587"}],"version-history":[{"count":24,"href":"https:\/\/colecalatrava.es\/index.php?rest_route=\/wp\/v2\/posts\/587\/revisions"}],"predecessor-version":[{"id":2312,"href":"https:\/\/colecalatrava.es\/index.php?rest_route=\/wp\/v2\/posts\/587\/revisions\/2312"}],"wp:featuredmedia":[{"embeddable":true,"href":"https:\/\/colecalatrava.es\/index.php?rest_route=\/wp\/v2\/media\/588"}],"wp:attachment":[{"href":"https:\/\/colecalatrava.es\/index.php?rest_route=%2Fwp%2Fv2%2Fmedia&parent=587"}],"wp:term":[{"taxonomy":"category","embeddable":true,"href":"https:\/\/colecalatrava.es\/index.php?rest_route=%2Fwp%2Fv2%2Fcategories&post=587"},{"taxonomy":"post_tag","embeddable":true,"href":"https:\/\/colecalatrava.es\/index.php?rest_route=%2Fwp%2Fv2%2Ftags&post=587"}],"curies":[{"name":"wp","href":"https:\/\/api.w.org\/{rel}","templated":true}]}}