{"id":408,"date":"2024-01-31T17:09:37","date_gmt":"2024-01-31T17:09:37","guid":{"rendered":"https:\/\/colecalatrava.es\/?p=408"},"modified":"2025-12-03T08:12:14","modified_gmt":"2025-12-03T08:12:14","slug":"30-de-enero-dia-de-la-paz","status":"publish","type":"post","link":"https:\/\/colecalatrava.es\/?p=408","title":{"rendered":"30 de enero, D\u00cdA DE LA PAZ"},"content":{"rendered":"\n<p>Un a\u00f1o m\u00e1s, en el cole celebramos el D\u00eda de la Paz, m\u00e1s a\u00fan en estos tiempos en los que los conflictos b\u00e9licos forman parte de las noticias diarias. Aunque la educaci\u00f3n para la paz se trabaja todos los d\u00edas para formar a nuestros\/as alumnos\/as en valores que ayudan a solucionar conflictos y mejorar la convivencia, el 30 de enero lo conmemoramos en el cole.<\/p>\n\n\n\n<p>Este a\u00f1o, toda la comunidad educativa (AMPA, profes y alumnado) han le\u00eddo un manifiesto por la paz. Aqu\u00ed ten\u00e9is el manifiesto que ha preparado los\/as alumnos\/as de 6\u00ba&#8230;<\/p>\n\n\n\n<figure class=\"wp-block-image size-large\"><img loading=\"lazy\" decoding=\"async\" width=\"847\" height=\"1024\" src=\"https:\/\/colecalatrava.es\/wp-content\/uploads\/2024\/01\/IMG_2908-847x1024.png\" alt=\"\" class=\"wp-image-410\" srcset=\"https:\/\/colecalatrava.es\/wp-content\/uploads\/2024\/01\/IMG_2908-847x1024.png 847w, https:\/\/colecalatrava.es\/wp-content\/uploads\/2024\/01\/IMG_2908-248x300.png 248w, https:\/\/colecalatrava.es\/wp-content\/uploads\/2024\/01\/IMG_2908-768x929.png 768w, https:\/\/colecalatrava.es\/wp-content\/uploads\/2024\/01\/IMG_2908.png 960w\" sizes=\"auto, (max-width: 847px) 100vw, 847px\" \/><\/figure>\n\n\n\n<p>Tambi\u00e9n hemos realizado una quema de frases  contra de la paz. Los encargados de cada clase han le\u00eddo la frase y a continuaci\u00f3n la han quemado.<\/p>\n\n\n\n<figure class=\"wp-block-image size-large\"><img loading=\"lazy\" decoding=\"async\" width=\"1024\" height=\"580\" src=\"https:\/\/colecalatrava.es\/wp-content\/uploads\/2024\/01\/3e07f399-0b4b-403a-97c0-e199d49fb8b4-1-1024x580.jpg\" alt=\"\" class=\"wp-image-420\" srcset=\"https:\/\/colecalatrava.es\/wp-content\/uploads\/2024\/01\/3e07f399-0b4b-403a-97c0-e199d49fb8b4-1-1024x580.jpg 1024w, https:\/\/colecalatrava.es\/wp-content\/uploads\/2024\/01\/3e07f399-0b4b-403a-97c0-e199d49fb8b4-1-300x170.jpg 300w, https:\/\/colecalatrava.es\/wp-content\/uploads\/2024\/01\/3e07f399-0b4b-403a-97c0-e199d49fb8b4-1-768x435.jpg 768w, https:\/\/colecalatrava.es\/wp-content\/uploads\/2024\/01\/3e07f399-0b4b-403a-97c0-e199d49fb8b4-1-1536x870.jpg 1536w, https:\/\/colecalatrava.es\/wp-content\/uploads\/2024\/01\/3e07f399-0b4b-403a-97c0-e199d49fb8b4-1.jpg 1920w\" sizes=\"auto, (max-width: 1024px) 100vw, 1024px\" \/><\/figure>\n\n\n\n<figure class=\"wp-block-image size-full\"><img loading=\"lazy\" decoding=\"async\" width=\"870\" height=\"899\" src=\"https:\/\/colecalatrava.es\/wp-content\/uploads\/2024\/01\/f27f2961-b05a-4b13-bcc8-322f01286f91-1.jpg\" alt=\"\" class=\"wp-image-422\" srcset=\"https:\/\/colecalatrava.es\/wp-content\/uploads\/2024\/01\/f27f2961-b05a-4b13-bcc8-322f01286f91-1.jpg 870w, https:\/\/colecalatrava.es\/wp-content\/uploads\/2024\/01\/f27f2961-b05a-4b13-bcc8-322f01286f91-1-290x300.jpg 290w, https:\/\/colecalatrava.es\/wp-content\/uploads\/2024\/01\/f27f2961-b05a-4b13-bcc8-322f01286f91-1-768x794.jpg 768w\" sizes=\"auto, (max-width: 870px) 100vw, 870px\" \/><\/figure>\n\n\n\n<p>Por \u00faltimo, todo el colegio ha bailado \u00abLa Mochila de la Paz\u00bb. Nos ha encantado ver a mayores con peque\u00f1os bailando, ayud\u00e1ndose y disfrutando.<\/p>\n\n\n\n<figure class=\"wp-block-image size-full\"><img loading=\"lazy\" decoding=\"async\" width=\"960\" height=\"694\" src=\"https:\/\/colecalatrava.es\/wp-content\/uploads\/2024\/01\/IMG_2912-1.png\" alt=\"\" class=\"wp-image-414\" srcset=\"https:\/\/colecalatrava.es\/wp-content\/uploads\/2024\/01\/IMG_2912-1.png 960w, https:\/\/colecalatrava.es\/wp-content\/uploads\/2024\/01\/IMG_2912-1-300x217.png 300w, https:\/\/colecalatrava.es\/wp-content\/uploads\/2024\/01\/IMG_2912-1-768x555.png 768w\" sizes=\"auto, (max-width: 960px) 100vw, 960px\" \/><\/figure>\n\n\n\n<p>Aqu\u00ed os dejo el enlace al v\u00eddeo del baile.<\/p>\n\n\n\n<p><a href=\"https:\/\/drive.google.com\/file\/d\/1CsTuuytFdA-4SSmSWaGi_pUTDUfeXDn1\/view?usp=sharing\">https:\/\/drive.google.com\/file\/d\/1CsTuuytFdA-4SSmSWaGi_pUTDUfeXDn1\/view?usp=sharing<\/a><\/p>\n\n\n\n<p>Muchas gracias a todos, en especial a la profe M. Jes\u00fas por su implicaci\u00f3n.<\/p>\n","protected":false},"excerpt":{"rendered":"<p>Un a\u00f1o m\u00e1s, en el cole celebramos el D\u00eda de la Paz, m\u00e1s a\u00fan en estos tiempos en los que los conflictos b\u00e9licos forman parte de las noticias diarias. Aunque la educaci\u00f3n para la paz se trabaja todos los d\u00edas para formar a nuestros\/as alumnos\/as en valores que ayudan a solucionar conflictos y mejorar la [&hellip;]<\/p>\n","protected":false},"author":1,"featured_media":409,"comment_status":"closed","ping_status":"closed","sticky":false,"template":"","format":"standard","meta":{"footnotes":""},"categories":[1],"tags":[],"class_list":["post-408","post","type-post","status-publish","format-standard","has-post-thumbnail","hentry","category-uncategorized"],"_links":{"self":[{"href":"https:\/\/colecalatrava.es\/index.php?rest_route=\/wp\/v2\/posts\/408","targetHints":{"allow":["GET"]}}],"collection":[{"href":"https:\/\/colecalatrava.es\/index.php?rest_route=\/wp\/v2\/posts"}],"about":[{"href":"https:\/\/colecalatrava.es\/index.php?rest_route=\/wp\/v2\/types\/post"}],"author":[{"embeddable":true,"href":"https:\/\/colecalatrava.es\/index.php?rest_route=\/wp\/v2\/users\/1"}],"replies":[{"embeddable":true,"href":"https:\/\/colecalatrava.es\/index.php?rest_route=%2Fwp%2Fv2%2Fcomments&post=408"}],"version-history":[{"count":7,"href":"https:\/\/colecalatrava.es\/index.php?rest_route=\/wp\/v2\/posts\/408\/revisions"}],"predecessor-version":[{"id":1914,"href":"https:\/\/colecalatrava.es\/index.php?rest_route=\/wp\/v2\/posts\/408\/revisions\/1914"}],"wp:featuredmedia":[{"embeddable":true,"href":"https:\/\/colecalatrava.es\/index.php?rest_route=\/wp\/v2\/media\/409"}],"wp:attachment":[{"href":"https:\/\/colecalatrava.es\/index.php?rest_route=%2Fwp%2Fv2%2Fmedia&parent=408"}],"wp:term":[{"taxonomy":"category","embeddable":true,"href":"https:\/\/colecalatrava.es\/index.php?rest_route=%2Fwp%2Fv2%2Fcategories&post=408"},{"taxonomy":"post_tag","embeddable":true,"href":"https:\/\/colecalatrava.es\/index.php?rest_route=%2Fwp%2Fv2%2Ftags&post=408"}],"curies":[{"name":"wp","href":"https:\/\/api.w.org\/{rel}","templated":true}]}}