{"id":354,"date":"2023-11-25T11:01:00","date_gmt":"2023-11-25T11:01:00","guid":{"rendered":"https:\/\/colecalatrava.es\/?p=354"},"modified":"2023-12-29T15:46:49","modified_gmt":"2023-12-29T15:46:49","slug":"dia-contra-la-violencia-de-genero","status":"publish","type":"post","link":"https:\/\/colecalatrava.es\/?p=354","title":{"rendered":"D\u00eda contra la Violencia de G\u00e9nero"},"content":{"rendered":"\n<p>Un a\u00f1o m\u00e1s, el 25 de noviembre hemos conmemorado este d\u00eda en el cole. Todas las clases han preparado un ladrillo con una frase simb\u00f3lica que ha formado una pared entera llena de mensajes. Despu\u00e9s, se ha realizado un baile en el patio.<\/p>\n\n\n\n<figure class=\"wp-block-image size-large\"><img loading=\"lazy\" decoding=\"async\" width=\"1024\" height=\"461\" src=\"https:\/\/colecalatrava.es\/wp-content\/uploads\/2023\/12\/68b8177b-df87-48f2-9d5a-8effa5ab0d89-1024x461.jpg\" alt=\"\" class=\"wp-image-356\" srcset=\"https:\/\/colecalatrava.es\/wp-content\/uploads\/2023\/12\/68b8177b-df87-48f2-9d5a-8effa5ab0d89-1024x461.jpg 1024w, https:\/\/colecalatrava.es\/wp-content\/uploads\/2023\/12\/68b8177b-df87-48f2-9d5a-8effa5ab0d89-300x135.jpg 300w, https:\/\/colecalatrava.es\/wp-content\/uploads\/2023\/12\/68b8177b-df87-48f2-9d5a-8effa5ab0d89-768x346.jpg 768w, https:\/\/colecalatrava.es\/wp-content\/uploads\/2023\/12\/68b8177b-df87-48f2-9d5a-8effa5ab0d89-1536x691.jpg 1536w, https:\/\/colecalatrava.es\/wp-content\/uploads\/2023\/12\/68b8177b-df87-48f2-9d5a-8effa5ab0d89.jpg 1600w\" sizes=\"auto, (max-width: 1024px) 100vw, 1024px\" \/><\/figure>\n\n\n\n<figure class=\"wp-block-image size-large\"><img loading=\"lazy\" decoding=\"async\" width=\"1024\" height=\"461\" src=\"https:\/\/colecalatrava.es\/wp-content\/uploads\/2023\/12\/fd731bfb-361a-46b0-b35f-cdfb8f556cdb-1024x461.jpg\" alt=\"\" class=\"wp-image-357\" srcset=\"https:\/\/colecalatrava.es\/wp-content\/uploads\/2023\/12\/fd731bfb-361a-46b0-b35f-cdfb8f556cdb-1024x461.jpg 1024w, https:\/\/colecalatrava.es\/wp-content\/uploads\/2023\/12\/fd731bfb-361a-46b0-b35f-cdfb8f556cdb-300x135.jpg 300w, https:\/\/colecalatrava.es\/wp-content\/uploads\/2023\/12\/fd731bfb-361a-46b0-b35f-cdfb8f556cdb-768x346.jpg 768w, https:\/\/colecalatrava.es\/wp-content\/uploads\/2023\/12\/fd731bfb-361a-46b0-b35f-cdfb8f556cdb-1536x691.jpg 1536w, https:\/\/colecalatrava.es\/wp-content\/uploads\/2023\/12\/fd731bfb-361a-46b0-b35f-cdfb8f556cdb.jpg 1600w\" sizes=\"auto, (max-width: 1024px) 100vw, 1024px\" \/><\/figure>\n","protected":false},"excerpt":{"rendered":"<p>Un a\u00f1o m\u00e1s, el 25 de noviembre hemos conmemorado este d\u00eda en el cole. Todas las clases han preparado un ladrillo con una frase simb\u00f3lica que ha formado una pared entera llena de mensajes. Despu\u00e9s, se ha realizado un baile en el patio.<\/p>\n","protected":false},"author":1,"featured_media":355,"comment_status":"closed","ping_status":"closed","sticky":false,"template":"","format":"standard","meta":{"footnotes":""},"categories":[1],"tags":[],"class_list":["post-354","post","type-post","status-publish","format-standard","has-post-thumbnail","hentry","category-uncategorized"],"_links":{"self":[{"href":"https:\/\/colecalatrava.es\/index.php?rest_route=\/wp\/v2\/posts\/354","targetHints":{"allow":["GET"]}}],"collection":[{"href":"https:\/\/colecalatrava.es\/index.php?rest_route=\/wp\/v2\/posts"}],"about":[{"href":"https:\/\/colecalatrava.es\/index.php?rest_route=\/wp\/v2\/types\/post"}],"author":[{"embeddable":true,"href":"https:\/\/colecalatrava.es\/index.php?rest_route=\/wp\/v2\/users\/1"}],"replies":[{"embeddable":true,"href":"https:\/\/colecalatrava.es\/index.php?rest_route=%2Fwp%2Fv2%2Fcomments&post=354"}],"version-history":[{"count":1,"href":"https:\/\/colecalatrava.es\/index.php?rest_route=\/wp\/v2\/posts\/354\/revisions"}],"predecessor-version":[{"id":358,"href":"https:\/\/colecalatrava.es\/index.php?rest_route=\/wp\/v2\/posts\/354\/revisions\/358"}],"wp:featuredmedia":[{"embeddable":true,"href":"https:\/\/colecalatrava.es\/index.php?rest_route=\/wp\/v2\/media\/355"}],"wp:attachment":[{"href":"https:\/\/colecalatrava.es\/index.php?rest_route=%2Fwp%2Fv2%2Fmedia&parent=354"}],"wp:term":[{"taxonomy":"category","embeddable":true,"href":"https:\/\/colecalatrava.es\/index.php?rest_route=%2Fwp%2Fv2%2Fcategories&post=354"},{"taxonomy":"post_tag","embeddable":true,"href":"https:\/\/colecalatrava.es\/index.php?rest_route=%2Fwp%2Fv2%2Ftags&post=354"}],"curies":[{"name":"wp","href":"https:\/\/api.w.org\/{rel}","templated":true}]}}