{"id":315,"date":"2023-11-22T13:44:52","date_gmt":"2023-11-22T13:44:52","guid":{"rendered":"https:\/\/colecalatrava.es\/?p=315"},"modified":"2023-11-22T16:43:46","modified_gmt":"2023-11-22T16:43:46","slug":"taller-de-los-sentidos-en-e-infantil-5-anos","status":"publish","type":"post","link":"https:\/\/colecalatrava.es\/?p=315","title":{"rendered":"TALLER DE LOS SENTIDOS EN E. INFANTIL (4 A\u00d1OS)"},"content":{"rendered":"\n<p>Hoy los peques de 5 a\u00f1os han desarrollado unos talleres sobre \u00ablos sentidos\u00bb con la ayuda de algunas familias. Han aprendido y experimentado un mont\u00f3n de cosas que no sab\u00edan relativas al olfato, el gusto, el tacto, el o\u00eddo y la vista. \u00a1Ha sido divertid\u00edsimo!<\/p>\n\n\n\n<figure class=\"wp-block-image size-full\"><img loading=\"lazy\" decoding=\"async\" width=\"640\" height=\"480\" src=\"https:\/\/colecalatrava.es\/wp-content\/uploads\/2023\/11\/IMG_2647-1.jpg\" alt=\"\" class=\"wp-image-317\" srcset=\"https:\/\/colecalatrava.es\/wp-content\/uploads\/2023\/11\/IMG_2647-1.jpg 640w, https:\/\/colecalatrava.es\/wp-content\/uploads\/2023\/11\/IMG_2647-1-300x225.jpg 300w\" sizes=\"auto, (max-width: 640px) 100vw, 640px\" \/><\/figure>\n\n\n\n<figure class=\"wp-block-image size-full\"><img loading=\"lazy\" decoding=\"async\" width=\"640\" height=\"480\" src=\"https:\/\/colecalatrava.es\/wp-content\/uploads\/2023\/11\/IMG_2649-1.jpg\" alt=\"\" class=\"wp-image-327\" srcset=\"https:\/\/colecalatrava.es\/wp-content\/uploads\/2023\/11\/IMG_2649-1.jpg 640w, https:\/\/colecalatrava.es\/wp-content\/uploads\/2023\/11\/IMG_2649-1-300x225.jpg 300w\" sizes=\"auto, (max-width: 640px) 100vw, 640px\" \/><\/figure>\n\n\n\n<figure class=\"wp-block-image size-full\"><img loading=\"lazy\" decoding=\"async\" width=\"640\" height=\"480\" src=\"https:\/\/colecalatrava.es\/wp-content\/uploads\/2023\/11\/IMG_2650-1.jpg\" alt=\"\" class=\"wp-image-328\" srcset=\"https:\/\/colecalatrava.es\/wp-content\/uploads\/2023\/11\/IMG_2650-1.jpg 640w, https:\/\/colecalatrava.es\/wp-content\/uploads\/2023\/11\/IMG_2650-1-300x225.jpg 300w\" sizes=\"auto, (max-width: 640px) 100vw, 640px\" \/><\/figure>\n\n\n\n<figure class=\"wp-block-image size-full\"><img loading=\"lazy\" decoding=\"async\" width=\"640\" height=\"480\" src=\"https:\/\/colecalatrava.es\/wp-content\/uploads\/2023\/11\/IMG_2651-2.jpg\" alt=\"\" class=\"wp-image-329\" srcset=\"https:\/\/colecalatrava.es\/wp-content\/uploads\/2023\/11\/IMG_2651-2.jpg 640w, https:\/\/colecalatrava.es\/wp-content\/uploads\/2023\/11\/IMG_2651-2-300x225.jpg 300w\" sizes=\"auto, (max-width: 640px) 100vw, 640px\" \/><\/figure>\n\n\n\n<figure class=\"wp-block-image size-full\"><img loading=\"lazy\" decoding=\"async\" width=\"640\" height=\"480\" src=\"https:\/\/colecalatrava.es\/wp-content\/uploads\/2023\/11\/IMG_2652-1.jpg\" alt=\"\" class=\"wp-image-330\" srcset=\"https:\/\/colecalatrava.es\/wp-content\/uploads\/2023\/11\/IMG_2652-1.jpg 640w, https:\/\/colecalatrava.es\/wp-content\/uploads\/2023\/11\/IMG_2652-1-300x225.jpg 300w\" sizes=\"auto, (max-width: 640px) 100vw, 640px\" \/><\/figure>\n","protected":false},"excerpt":{"rendered":"<p>Hoy los peques de 5 a\u00f1os han desarrollado unos talleres sobre \u00ablos sentidos\u00bb con la ayuda de algunas familias. Han aprendido y experimentado un mont\u00f3n de cosas que no sab\u00edan relativas al olfato, el gusto, el tacto, el o\u00eddo y la vista. \u00a1Ha sido divertid\u00edsimo!<\/p>\n","protected":false},"author":1,"featured_media":326,"comment_status":"open","ping_status":"closed","sticky":false,"template":"","format":"standard","meta":{"footnotes":""},"categories":[1],"tags":[],"class_list":["post-315","post","type-post","status-publish","format-standard","has-post-thumbnail","hentry","category-uncategorized"],"_links":{"self":[{"href":"https:\/\/colecalatrava.es\/index.php?rest_route=\/wp\/v2\/posts\/315","targetHints":{"allow":["GET"]}}],"collection":[{"href":"https:\/\/colecalatrava.es\/index.php?rest_route=\/wp\/v2\/posts"}],"about":[{"href":"https:\/\/colecalatrava.es\/index.php?rest_route=\/wp\/v2\/types\/post"}],"author":[{"embeddable":true,"href":"https:\/\/colecalatrava.es\/index.php?rest_route=\/wp\/v2\/users\/1"}],"replies":[{"embeddable":true,"href":"https:\/\/colecalatrava.es\/index.php?rest_route=%2Fwp%2Fv2%2Fcomments&post=315"}],"version-history":[{"count":2,"href":"https:\/\/colecalatrava.es\/index.php?rest_route=\/wp\/v2\/posts\/315\/revisions"}],"predecessor-version":[{"id":334,"href":"https:\/\/colecalatrava.es\/index.php?rest_route=\/wp\/v2\/posts\/315\/revisions\/334"}],"wp:featuredmedia":[{"embeddable":true,"href":"https:\/\/colecalatrava.es\/index.php?rest_route=\/wp\/v2\/media\/326"}],"wp:attachment":[{"href":"https:\/\/colecalatrava.es\/index.php?rest_route=%2Fwp%2Fv2%2Fmedia&parent=315"}],"wp:term":[{"taxonomy":"category","embeddable":true,"href":"https:\/\/colecalatrava.es\/index.php?rest_route=%2Fwp%2Fv2%2Fcategories&post=315"},{"taxonomy":"post_tag","embeddable":true,"href":"https:\/\/colecalatrava.es\/index.php?rest_route=%2Fwp%2Fv2%2Ftags&post=315"}],"curies":[{"name":"wp","href":"https:\/\/api.w.org\/{rel}","templated":true}]}}