{"id":2013,"date":"2025-12-22T08:56:43","date_gmt":"2025-12-22T08:56:43","guid":{"rendered":"https:\/\/colecalatrava.es\/?p=2013"},"modified":"2025-12-29T08:58:10","modified_gmt":"2025-12-29T08:58:10","slug":"feliz-navidad","status":"publish","type":"post","link":"https:\/\/colecalatrava.es\/?p=2013","title":{"rendered":"\u00a1FELIZ NAVIDAD!"},"content":{"rendered":"\n<p>Hoy despedimos el trimestre con nuestra tradicional chocolatada con familias, visita del cartero real para recoger los deseos de nuestro alumnado y la entrega de premios de los concursos de Christmas y puerta navide\u00f1as que financia nuestra AMPA.<\/p>\n\n\n\n<figure class=\"wp-block-gallery has-nested-images columns-default is-cropped wp-block-gallery-1 is-layout-flex wp-block-gallery-is-layout-flex\">\n<figure class=\"wp-block-image size-large\"><img loading=\"lazy\" decoding=\"async\" width=\"640\" height=\"480\" data-id=\"2017\" src=\"https:\/\/colecalatrava.es\/wp-content\/uploads\/2025\/12\/IMG_6299.jpg\" alt=\"\" class=\"wp-image-2017\" srcset=\"https:\/\/colecalatrava.es\/wp-content\/uploads\/2025\/12\/IMG_6299.jpg 640w, https:\/\/colecalatrava.es\/wp-content\/uploads\/2025\/12\/IMG_6299-300x225.jpg 300w\" sizes=\"auto, (max-width: 640px) 100vw, 640px\" \/><\/figure>\n\n\n\n<figure class=\"wp-block-image size-large\"><img loading=\"lazy\" decoding=\"async\" width=\"480\" height=\"640\" data-id=\"2016\" src=\"https:\/\/colecalatrava.es\/wp-content\/uploads\/2025\/12\/IMG_6300-rotated.jpg\" alt=\"\" class=\"wp-image-2016\" srcset=\"https:\/\/colecalatrava.es\/wp-content\/uploads\/2025\/12\/IMG_6300-rotated.jpg 480w, https:\/\/colecalatrava.es\/wp-content\/uploads\/2025\/12\/IMG_6300-225x300.jpg 225w\" sizes=\"auto, (max-width: 480px) 100vw, 480px\" \/><\/figure>\n\n\n\n<figure class=\"wp-block-image size-large\"><img loading=\"lazy\" decoding=\"async\" width=\"640\" height=\"480\" data-id=\"2015\" src=\"https:\/\/colecalatrava.es\/wp-content\/uploads\/2025\/12\/IMG_6301.jpg\" alt=\"\" class=\"wp-image-2015\" srcset=\"https:\/\/colecalatrava.es\/wp-content\/uploads\/2025\/12\/IMG_6301.jpg 640w, https:\/\/colecalatrava.es\/wp-content\/uploads\/2025\/12\/IMG_6301-300x225.jpg 300w\" sizes=\"auto, (max-width: 640px) 100vw, 640px\" \/><\/figure>\n<\/figure>\n\n\n\n<p>Aqu\u00ed ten\u00e9is a los premiados del concurso de Christmas navide\u00f1os&#8230;<\/p>\n\n\n\n<figure class=\"wp-block-image size-full\"><img loading=\"lazy\" decoding=\"async\" width=\"480\" height=\"640\" src=\"https:\/\/colecalatrava.es\/wp-content\/uploads\/2025\/12\/IMG_6302-rotated.jpg\" alt=\"\" class=\"wp-image-2014\" srcset=\"https:\/\/colecalatrava.es\/wp-content\/uploads\/2025\/12\/IMG_6302-rotated.jpg 480w, https:\/\/colecalatrava.es\/wp-content\/uploads\/2025\/12\/IMG_6302-225x300.jpg 225w\" sizes=\"auto, (max-width: 480px) 100vw, 480px\" \/><\/figure>\n\n\n\n<p>Ahora toca descansar, cargar pilas y disfrutar en familia de estos d\u00edas.<\/p>\n\n\n\n<p>El CEIP Calatrava os desea Feliz Navidad y que en el 2026 se cumplan todos vuestros deseos!<\/p>\n\n\n\n<p><\/p>\n","protected":false},"excerpt":{"rendered":"<p>Hoy despedimos el trimestre con nuestra tradicional chocolatada con familias, visita del cartero real para recoger los deseos de nuestro alumnado y la entrega de premios de los concursos de Christmas y puerta navide\u00f1as que financia nuestra AMPA. Aqu\u00ed ten\u00e9is a los premiados del concurso de Christmas navide\u00f1os&#8230; Ahora toca descansar, cargar pilas y disfrutar [&hellip;]<\/p>\n","protected":false},"author":1,"featured_media":2018,"comment_status":"open","ping_status":"closed","sticky":false,"template":"","format":"standard","meta":{"footnotes":""},"categories":[1],"tags":[],"class_list":["post-2013","post","type-post","status-publish","format-standard","has-post-thumbnail","hentry","category-uncategorized"],"_links":{"self":[{"href":"https:\/\/colecalatrava.es\/index.php?rest_route=\/wp\/v2\/posts\/2013","targetHints":{"allow":["GET"]}}],"collection":[{"href":"https:\/\/colecalatrava.es\/index.php?rest_route=\/wp\/v2\/posts"}],"about":[{"href":"https:\/\/colecalatrava.es\/index.php?rest_route=\/wp\/v2\/types\/post"}],"author":[{"embeddable":true,"href":"https:\/\/colecalatrava.es\/index.php?rest_route=\/wp\/v2\/users\/1"}],"replies":[{"embeddable":true,"href":"https:\/\/colecalatrava.es\/index.php?rest_route=%2Fwp%2Fv2%2Fcomments&post=2013"}],"version-history":[{"count":2,"href":"https:\/\/colecalatrava.es\/index.php?rest_route=\/wp\/v2\/posts\/2013\/revisions"}],"predecessor-version":[{"id":2021,"href":"https:\/\/colecalatrava.es\/index.php?rest_route=\/wp\/v2\/posts\/2013\/revisions\/2021"}],"wp:featuredmedia":[{"embeddable":true,"href":"https:\/\/colecalatrava.es\/index.php?rest_route=\/wp\/v2\/media\/2018"}],"wp:attachment":[{"href":"https:\/\/colecalatrava.es\/index.php?rest_route=%2Fwp%2Fv2%2Fmedia&parent=2013"}],"wp:term":[{"taxonomy":"category","embeddable":true,"href":"https:\/\/colecalatrava.es\/index.php?rest_route=%2Fwp%2Fv2%2Fcategories&post=2013"},{"taxonomy":"post_tag","embeddable":true,"href":"https:\/\/colecalatrava.es\/index.php?rest_route=%2Fwp%2Fv2%2Ftags&post=2013"}],"curies":[{"name":"wp","href":"https:\/\/api.w.org\/{rel}","templated":true}]}}