{"id":186,"date":"2023-09-13T11:49:30","date_gmt":"2023-09-13T11:49:30","guid":{"rendered":"https:\/\/colecalatrava.es\/?p=186"},"modified":"2023-09-13T11:49:30","modified_gmt":"2023-09-13T11:49:30","slug":"estamos-de-vuelta","status":"publish","type":"post","link":"https:\/\/colecalatrava.es\/?p=186","title":{"rendered":"\u00a1Estamos de vuelta!"},"content":{"rendered":"\n<p>Hemos vuelto, con las pilas cargadas y dando a nuestro alumnado la bienvenida que se merece, con m\u00fasica y pancarta de bienvenida. <\/p>\n\n\n\n<p>Estamos preparados para enfrentarnos a los retos y nuevos proyectos que traer\u00e1n este nuevo curso, para los que son primordiales que tanto familias, como profesorado y alumnado caminemos a una.<\/p>\n\n\n\n<p>Os recordamos que nuestro horario de septiembre es de 9:00 a 13:00h.<\/p>\n\n\n\n<p>Aqu\u00ed estamos para lo que necesit\u00e9is.<\/p>\n\n\n\n<figure class=\"wp-block-image size-full is-resized\"><img loading=\"lazy\" decoding=\"async\" src=\"https:\/\/colecalatrava.es\/wp-content\/uploads\/2023\/09\/IMG_2350-rotated.jpg\" alt=\"Cada clase ten\u00eda preparada  su frase motivadora que les acompa\u00f1ar\u00e1 todo el curso.\" class=\"wp-image-189\" style=\"width:313px;height:417px\" width=\"313\" height=\"417\" srcset=\"https:\/\/colecalatrava.es\/wp-content\/uploads\/2023\/09\/IMG_2350-rotated.jpg 480w, https:\/\/colecalatrava.es\/wp-content\/uploads\/2023\/09\/IMG_2350-225x300.jpg 225w\" sizes=\"auto, (max-width: 313px) 100vw, 313px\" \/><\/figure>\n\n\n\n<figure class=\"wp-block-image size-full is-resized\"><img loading=\"lazy\" decoding=\"async\" src=\"https:\/\/colecalatrava.es\/wp-content\/uploads\/2023\/09\/IMG_2348.jpg\" alt=\"\" class=\"wp-image-188\" style=\"width:333px;height:250px\" width=\"333\" height=\"250\" srcset=\"https:\/\/colecalatrava.es\/wp-content\/uploads\/2023\/09\/IMG_2348.jpg 640w, https:\/\/colecalatrava.es\/wp-content\/uploads\/2023\/09\/IMG_2348-300x225.jpg 300w\" sizes=\"auto, (max-width: 333px) 100vw, 333px\" \/><\/figure>\n","protected":false},"excerpt":{"rendered":"<p>Hemos vuelto, con las pilas cargadas y dando a nuestro alumnado la bienvenida que se merece, con m\u00fasica y pancarta de bienvenida. Estamos preparados para enfrentarnos a los retos y nuevos proyectos que traer\u00e1n este nuevo curso, para los que son primordiales que tanto familias, como profesorado y alumnado caminemos a una. Os recordamos que [&hellip;]<\/p>\n","protected":false},"author":1,"featured_media":187,"comment_status":"closed","ping_status":"closed","sticky":false,"template":"","format":"standard","meta":{"footnotes":""},"categories":[1],"tags":[],"class_list":["post-186","post","type-post","status-publish","format-standard","has-post-thumbnail","hentry","category-uncategorized"],"_links":{"self":[{"href":"https:\/\/colecalatrava.es\/index.php?rest_route=\/wp\/v2\/posts\/186","targetHints":{"allow":["GET"]}}],"collection":[{"href":"https:\/\/colecalatrava.es\/index.php?rest_route=\/wp\/v2\/posts"}],"about":[{"href":"https:\/\/colecalatrava.es\/index.php?rest_route=\/wp\/v2\/types\/post"}],"author":[{"embeddable":true,"href":"https:\/\/colecalatrava.es\/index.php?rest_route=\/wp\/v2\/users\/1"}],"replies":[{"embeddable":true,"href":"https:\/\/colecalatrava.es\/index.php?rest_route=%2Fwp%2Fv2%2Fcomments&post=186"}],"version-history":[{"count":2,"href":"https:\/\/colecalatrava.es\/index.php?rest_route=\/wp\/v2\/posts\/186\/revisions"}],"predecessor-version":[{"id":193,"href":"https:\/\/colecalatrava.es\/index.php?rest_route=\/wp\/v2\/posts\/186\/revisions\/193"}],"wp:featuredmedia":[{"embeddable":true,"href":"https:\/\/colecalatrava.es\/index.php?rest_route=\/wp\/v2\/media\/187"}],"wp:attachment":[{"href":"https:\/\/colecalatrava.es\/index.php?rest_route=%2Fwp%2Fv2%2Fmedia&parent=186"}],"wp:term":[{"taxonomy":"category","embeddable":true,"href":"https:\/\/colecalatrava.es\/index.php?rest_route=%2Fwp%2Fv2%2Fcategories&post=186"},{"taxonomy":"post_tag","embeddable":true,"href":"https:\/\/colecalatrava.es\/index.php?rest_route=%2Fwp%2Fv2%2Ftags&post=186"}],"curies":[{"name":"wp","href":"https:\/\/api.w.org\/{rel}","templated":true}]}}