{"id":1833,"date":"2025-11-02T09:48:00","date_gmt":"2025-11-02T09:48:00","guid":{"rendered":"https:\/\/colecalatrava.es\/?p=1833"},"modified":"2025-11-02T10:04:37","modified_gmt":"2025-11-02T10:04:37","slug":"el-cb-daimiel-nos-visita","status":"publish","type":"post","link":"https:\/\/colecalatrava.es\/?p=1833","title":{"rendered":"EL CB DAIMIEL NOS VISITA"},"content":{"rendered":"\n<p>Durante tres sesiones del lunes 27 y mi\u00e9rcoles 29 del \u00e1rea de E. F\u00edsica hemos disfrutado de la compa\u00f1\u00eda del CB Daimiel. Hemos podido jugar con ellos, les hemos preguntado para saber m\u00e1s del equipo y del baloncesto. <\/p>\n\n\n\n<p>Tambi\u00e9n estuvieron firmando aut\u00f3grafos. En resumen, ha sido genial tenerlos en el cole y les deseamos mucha suerte en esta temporada. \u00a1Gracias por la visita!<\/p>\n\n\n\n<figure class=\"wp-block-gallery has-nested-images columns-default is-cropped wp-block-gallery-1 is-layout-flex wp-block-gallery-is-layout-flex\">\n<figure class=\"wp-block-image size-large\"><img loading=\"lazy\" decoding=\"async\" width=\"640\" height=\"480\" data-id=\"1820\" src=\"https:\/\/colecalatrava.es\/wp-content\/uploads\/2025\/11\/PHOTO-2025-10-28-11-37-04.jpg\" alt=\"\" class=\"wp-image-1820\" srcset=\"https:\/\/colecalatrava.es\/wp-content\/uploads\/2025\/11\/PHOTO-2025-10-28-11-37-04.jpg 640w, https:\/\/colecalatrava.es\/wp-content\/uploads\/2025\/11\/PHOTO-2025-10-28-11-37-04-300x225.jpg 300w\" sizes=\"auto, (max-width: 640px) 100vw, 640px\" \/><\/figure>\n\n\n\n<figure class=\"wp-block-image size-large\"><img loading=\"lazy\" decoding=\"async\" width=\"480\" height=\"640\" data-id=\"1821\" src=\"https:\/\/colecalatrava.es\/wp-content\/uploads\/2025\/11\/PHOTO-2025-10-28-11-37-04-1.jpg\" alt=\"\" class=\"wp-image-1821\" srcset=\"https:\/\/colecalatrava.es\/wp-content\/uploads\/2025\/11\/PHOTO-2025-10-28-11-37-04-1.jpg 480w, https:\/\/colecalatrava.es\/wp-content\/uploads\/2025\/11\/PHOTO-2025-10-28-11-37-04-1-225x300.jpg 225w\" sizes=\"auto, (max-width: 480px) 100vw, 480px\" \/><\/figure>\n<\/figure>\n","protected":false},"excerpt":{"rendered":"<p>Durante tres sesiones del lunes 27 y mi\u00e9rcoles 29 del \u00e1rea de E. F\u00edsica hemos disfrutado de la compa\u00f1\u00eda del CB Daimiel. Hemos podido jugar con ellos, les hemos preguntado para saber m\u00e1s del equipo y del baloncesto. Tambi\u00e9n estuvieron firmando aut\u00f3grafos. En resumen, ha sido genial tenerlos en el cole y les deseamos mucha [&hellip;]<\/p>\n","protected":false},"author":1,"featured_media":1819,"comment_status":"open","ping_status":"closed","sticky":false,"template":"","format":"standard","meta":{"footnotes":""},"categories":[1],"tags":[],"class_list":["post-1833","post","type-post","status-publish","format-standard","has-post-thumbnail","hentry","category-uncategorized"],"_links":{"self":[{"href":"https:\/\/colecalatrava.es\/index.php?rest_route=\/wp\/v2\/posts\/1833","targetHints":{"allow":["GET"]}}],"collection":[{"href":"https:\/\/colecalatrava.es\/index.php?rest_route=\/wp\/v2\/posts"}],"about":[{"href":"https:\/\/colecalatrava.es\/index.php?rest_route=\/wp\/v2\/types\/post"}],"author":[{"embeddable":true,"href":"https:\/\/colecalatrava.es\/index.php?rest_route=\/wp\/v2\/users\/1"}],"replies":[{"embeddable":true,"href":"https:\/\/colecalatrava.es\/index.php?rest_route=%2Fwp%2Fv2%2Fcomments&post=1833"}],"version-history":[{"count":2,"href":"https:\/\/colecalatrava.es\/index.php?rest_route=\/wp\/v2\/posts\/1833\/revisions"}],"predecessor-version":[{"id":1839,"href":"https:\/\/colecalatrava.es\/index.php?rest_route=\/wp\/v2\/posts\/1833\/revisions\/1839"}],"wp:featuredmedia":[{"embeddable":true,"href":"https:\/\/colecalatrava.es\/index.php?rest_route=\/wp\/v2\/media\/1819"}],"wp:attachment":[{"href":"https:\/\/colecalatrava.es\/index.php?rest_route=%2Fwp%2Fv2%2Fmedia&parent=1833"}],"wp:term":[{"taxonomy":"category","embeddable":true,"href":"https:\/\/colecalatrava.es\/index.php?rest_route=%2Fwp%2Fv2%2Fcategories&post=1833"},{"taxonomy":"post_tag","embeddable":true,"href":"https:\/\/colecalatrava.es\/index.php?rest_route=%2Fwp%2Fv2%2Ftags&post=1833"}],"curies":[{"name":"wp","href":"https:\/\/api.w.org\/{rel}","templated":true}]}}