{"id":1735,"date":"2025-06-20T10:12:02","date_gmt":"2025-06-20T10:12:02","guid":{"rendered":"https:\/\/colecalatrava.es\/?p=1735"},"modified":"2025-06-20T10:12:02","modified_gmt":"2025-06-20T10:12:02","slug":"graduaciones-de-primaria-e-infantil","status":"publish","type":"post","link":"https:\/\/colecalatrava.es\/?p=1735","title":{"rendered":"GRADUACIONES DE PRIMARIA E INFANTIL"},"content":{"rendered":"\n<p>El pasado martes, 17 de junio, nuestros\/as chicos\/as de 6\u00ba se desped\u00edan de nosotros en su graduaci\u00f3n, que tuvo lugar en el teatro Ayala. El tiempo y esfuerzo invertidos tanto por los profes Jes\u00fas, Juanma y M. Jes\u00fas en este acto, han dado su fruto. Nuestro alumnado ha mostrado sus dotes art\u00edsticas con bailes e interpretaciones musicales con instrumentos. \u00a1Os va a ir genial en el Instituto!<\/p>\n\n\n\n<figure class=\"wp-block-gallery has-nested-images columns-default is-cropped wp-block-gallery-1 is-layout-flex wp-block-gallery-is-layout-flex\">\n<figure class=\"wp-block-image size-large\"><img loading=\"lazy\" decoding=\"async\" width=\"1024\" height=\"768\" data-id=\"1727\" src=\"https:\/\/colecalatrava.es\/wp-content\/uploads\/2025\/06\/b46f33e5-dde4-4f68-9f01-e140dae48ab1-1024x768.jpg\" alt=\"\" class=\"wp-image-1727\" srcset=\"https:\/\/colecalatrava.es\/wp-content\/uploads\/2025\/06\/b46f33e5-dde4-4f68-9f01-e140dae48ab1-1024x768.jpg 1024w, https:\/\/colecalatrava.es\/wp-content\/uploads\/2025\/06\/b46f33e5-dde4-4f68-9f01-e140dae48ab1-300x225.jpg 300w, https:\/\/colecalatrava.es\/wp-content\/uploads\/2025\/06\/b46f33e5-dde4-4f68-9f01-e140dae48ab1-768x576.jpg 768w, https:\/\/colecalatrava.es\/wp-content\/uploads\/2025\/06\/b46f33e5-dde4-4f68-9f01-e140dae48ab1-1536x1152.jpg 1536w, https:\/\/colecalatrava.es\/wp-content\/uploads\/2025\/06\/b46f33e5-dde4-4f68-9f01-e140dae48ab1.jpg 2040w\" sizes=\"auto, (max-width: 1024px) 100vw, 1024px\" \/><\/figure>\n\n\n\n<figure class=\"wp-block-image size-large\"><img loading=\"lazy\" decoding=\"async\" width=\"1024\" height=\"590\" data-id=\"1736\" src=\"https:\/\/colecalatrava.es\/wp-content\/uploads\/2025\/06\/IMG_5518-1024x590.jpg\" alt=\"\" class=\"wp-image-1736\" srcset=\"https:\/\/colecalatrava.es\/wp-content\/uploads\/2025\/06\/IMG_5518-1024x590.jpg 1024w, https:\/\/colecalatrava.es\/wp-content\/uploads\/2025\/06\/IMG_5518-300x173.jpg 300w, https:\/\/colecalatrava.es\/wp-content\/uploads\/2025\/06\/IMG_5518-768x443.jpg 768w, https:\/\/colecalatrava.es\/wp-content\/uploads\/2025\/06\/IMG_5518.jpg 1319w\" sizes=\"auto, (max-width: 1024px) 100vw, 1024px\" \/><\/figure>\n<\/figure>\n\n\n\n<p>Nuestros\/as peques de 5 a\u00f1os, celebraron su graduaci\u00f3n en el cole el mi\u00e9rcoles 18 de junio por la tarde. Los profes Fernando y M\u00f3nica se desped\u00edan de esta promoci\u00f3n con un poema y una canci\u00f3n. \u00a1Nuestros chicos\/as se lo han pasado genial! <\/p>\n\n\n\n<figure class=\"wp-block-image size-large\"><img loading=\"lazy\" decoding=\"async\" width=\"1024\" height=\"552\" src=\"https:\/\/colecalatrava.es\/wp-content\/uploads\/2025\/06\/PHOTO-2025-06-20-10-58-16-1024x552.jpg\" alt=\"\" class=\"wp-image-1724\" srcset=\"https:\/\/colecalatrava.es\/wp-content\/uploads\/2025\/06\/PHOTO-2025-06-20-10-58-16-1024x552.jpg 1024w, https:\/\/colecalatrava.es\/wp-content\/uploads\/2025\/06\/PHOTO-2025-06-20-10-58-16-300x162.jpg 300w, https:\/\/colecalatrava.es\/wp-content\/uploads\/2025\/06\/PHOTO-2025-06-20-10-58-16-768x414.jpg 768w, https:\/\/colecalatrava.es\/wp-content\/uploads\/2025\/06\/PHOTO-2025-06-20-10-58-16-1536x828.jpg 1536w, https:\/\/colecalatrava.es\/wp-content\/uploads\/2025\/06\/PHOTO-2025-06-20-10-58-16.jpg 1925w\" sizes=\"auto, (max-width: 1024px) 100vw, 1024px\" \/><\/figure>\n","protected":false},"excerpt":{"rendered":"<p>El pasado martes, 17 de junio, nuestros\/as chicos\/as de 6\u00ba se desped\u00edan de nosotros en su graduaci\u00f3n, que tuvo lugar en el teatro Ayala. El tiempo y esfuerzo invertidos tanto por los profes Jes\u00fas, Juanma y M. Jes\u00fas en este acto, han dado su fruto. Nuestro alumnado ha mostrado sus dotes art\u00edsticas con bailes e [&hellip;]<\/p>\n","protected":false},"author":1,"featured_media":1728,"comment_status":"open","ping_status":"closed","sticky":false,"template":"","format":"standard","meta":{"footnotes":""},"categories":[1],"tags":[],"class_list":["post-1735","post","type-post","status-publish","format-standard","has-post-thumbnail","hentry","category-uncategorized"],"_links":{"self":[{"href":"https:\/\/colecalatrava.es\/index.php?rest_route=\/wp\/v2\/posts\/1735","targetHints":{"allow":["GET"]}}],"collection":[{"href":"https:\/\/colecalatrava.es\/index.php?rest_route=\/wp\/v2\/posts"}],"about":[{"href":"https:\/\/colecalatrava.es\/index.php?rest_route=\/wp\/v2\/types\/post"}],"author":[{"embeddable":true,"href":"https:\/\/colecalatrava.es\/index.php?rest_route=\/wp\/v2\/users\/1"}],"replies":[{"embeddable":true,"href":"https:\/\/colecalatrava.es\/index.php?rest_route=%2Fwp%2Fv2%2Fcomments&post=1735"}],"version-history":[{"count":1,"href":"https:\/\/colecalatrava.es\/index.php?rest_route=\/wp\/v2\/posts\/1735\/revisions"}],"predecessor-version":[{"id":1737,"href":"https:\/\/colecalatrava.es\/index.php?rest_route=\/wp\/v2\/posts\/1735\/revisions\/1737"}],"wp:featuredmedia":[{"embeddable":true,"href":"https:\/\/colecalatrava.es\/index.php?rest_route=\/wp\/v2\/media\/1728"}],"wp:attachment":[{"href":"https:\/\/colecalatrava.es\/index.php?rest_route=%2Fwp%2Fv2%2Fmedia&parent=1735"}],"wp:term":[{"taxonomy":"category","embeddable":true,"href":"https:\/\/colecalatrava.es\/index.php?rest_route=%2Fwp%2Fv2%2Fcategories&post=1735"},{"taxonomy":"post_tag","embeddable":true,"href":"https:\/\/colecalatrava.es\/index.php?rest_route=%2Fwp%2Fv2%2Ftags&post=1735"}],"curies":[{"name":"wp","href":"https:\/\/api.w.org\/{rel}","templated":true}]}}