{"id":1633,"date":"2025-05-23T11:12:28","date_gmt":"2025-05-23T11:12:28","guid":{"rendered":"https:\/\/colecalatrava.es\/?p=1633"},"modified":"2025-05-23T17:22:45","modified_gmt":"2025-05-23T17:22:45","slug":"diario-de-viaje-granada-dia-2","status":"publish","type":"post","link":"https:\/\/colecalatrava.es\/?p=1633","title":{"rendered":"DIARIO DE VIAJE: GRANADA (d\u00eda 2)"},"content":{"rendered":"\n<p>Despu\u00e9s de la visita guiada de anoche por el centro de Granada, hoy les toca la visita de d\u00eda.<\/p>\n\n\n\n<figure class=\"wp-block-gallery has-nested-images columns-default is-cropped wp-block-gallery-1 is-layout-flex wp-block-gallery-is-layout-flex\">\n<figure class=\"wp-block-image size-large\"><img loading=\"lazy\" decoding=\"async\" width=\"1024\" height=\"768\" data-id=\"1670\" src=\"https:\/\/colecalatrava.es\/wp-content\/uploads\/2025\/05\/PHOTO-2025-05-22-22-29-44-1-1024x768.jpg\" alt=\"\" class=\"wp-image-1670\" srcset=\"https:\/\/colecalatrava.es\/wp-content\/uploads\/2025\/05\/PHOTO-2025-05-22-22-29-44-1-1024x768.jpg 1024w, https:\/\/colecalatrava.es\/wp-content\/uploads\/2025\/05\/PHOTO-2025-05-22-22-29-44-1-300x225.jpg 300w, https:\/\/colecalatrava.es\/wp-content\/uploads\/2025\/05\/PHOTO-2025-05-22-22-29-44-1-768x576.jpg 768w, https:\/\/colecalatrava.es\/wp-content\/uploads\/2025\/05\/PHOTO-2025-05-22-22-29-44-1-1536x1152.jpg 1536w, https:\/\/colecalatrava.es\/wp-content\/uploads\/2025\/05\/PHOTO-2025-05-22-22-29-44-1.jpg 2048w\" sizes=\"auto, (max-width: 1024px) 100vw, 1024px\" \/><\/figure>\n\n\n\n<figure class=\"wp-block-image size-large\"><img loading=\"lazy\" decoding=\"async\" width=\"768\" height=\"1024\" data-id=\"1669\" src=\"https:\/\/colecalatrava.es\/wp-content\/uploads\/2025\/05\/PHOTO-2025-05-22-23-36-26-1-768x1024.jpg\" alt=\"\" class=\"wp-image-1669\" srcset=\"https:\/\/colecalatrava.es\/wp-content\/uploads\/2025\/05\/PHOTO-2025-05-22-23-36-26-1-768x1024.jpg 768w, https:\/\/colecalatrava.es\/wp-content\/uploads\/2025\/05\/PHOTO-2025-05-22-23-36-26-1-225x300.jpg 225w, https:\/\/colecalatrava.es\/wp-content\/uploads\/2025\/05\/PHOTO-2025-05-22-23-36-26-1-1152x1536.jpg 1152w, https:\/\/colecalatrava.es\/wp-content\/uploads\/2025\/05\/PHOTO-2025-05-22-23-36-26-1.jpg 1536w\" sizes=\"auto, (max-width: 768px) 100vw, 768px\" \/><\/figure>\n\n\n\n<figure class=\"wp-block-image size-large\"><img loading=\"lazy\" decoding=\"async\" width=\"1024\" height=\"768\" data-id=\"1661\" src=\"https:\/\/colecalatrava.es\/wp-content\/uploads\/2025\/05\/PHOTO-2025-05-22-22-25-19-1-1024x768.jpg\" alt=\"\" class=\"wp-image-1661\" srcset=\"https:\/\/colecalatrava.es\/wp-content\/uploads\/2025\/05\/PHOTO-2025-05-22-22-25-19-1-1024x768.jpg 1024w, https:\/\/colecalatrava.es\/wp-content\/uploads\/2025\/05\/PHOTO-2025-05-22-22-25-19-1-300x225.jpg 300w, https:\/\/colecalatrava.es\/wp-content\/uploads\/2025\/05\/PHOTO-2025-05-22-22-25-19-1-768x576.jpg 768w, https:\/\/colecalatrava.es\/wp-content\/uploads\/2025\/05\/PHOTO-2025-05-22-22-25-19-1-1536x1152.jpg 1536w, https:\/\/colecalatrava.es\/wp-content\/uploads\/2025\/05\/PHOTO-2025-05-22-22-25-19-1.jpg 1600w\" sizes=\"auto, (max-width: 1024px) 100vw, 1024px\" \/><\/figure>\n\n\n\n<figure class=\"wp-block-image size-large\"><img loading=\"lazy\" decoding=\"async\" width=\"640\" height=\"480\" data-id=\"1660\" src=\"https:\/\/colecalatrava.es\/wp-content\/uploads\/2025\/05\/PHOTO-2025-05-22-22-29-48-1.jpg\" alt=\"\" class=\"wp-image-1660\" srcset=\"https:\/\/colecalatrava.es\/wp-content\/uploads\/2025\/05\/PHOTO-2025-05-22-22-29-48-1.jpg 640w, https:\/\/colecalatrava.es\/wp-content\/uploads\/2025\/05\/PHOTO-2025-05-22-22-29-48-1-300x225.jpg 300w\" sizes=\"auto, (max-width: 640px) 100vw, 640px\" \/><\/figure>\n<\/figure>\n\n\n\n<p>La jornada ha empezado con un buen desayuno para cargar pilas, porque intuyo que la noche ha debido ser larga&#8230; jjj A saber a qu\u00e9 hora se habr\u00e1n dormido cont\u00e1ndose confidencias!<\/p>\n\n\n\n<figure class=\"wp-block-image size-large\"><img loading=\"lazy\" decoding=\"async\" width=\"768\" height=\"1024\" src=\"https:\/\/colecalatrava.es\/wp-content\/uploads\/2025\/05\/PHOTO-2025-05-23-09-07-13-1-768x1024.jpg\" alt=\"\" class=\"wp-image-1640\" srcset=\"https:\/\/colecalatrava.es\/wp-content\/uploads\/2025\/05\/PHOTO-2025-05-23-09-07-13-1-768x1024.jpg 768w, https:\/\/colecalatrava.es\/wp-content\/uploads\/2025\/05\/PHOTO-2025-05-23-09-07-13-1-225x300.jpg 225w, https:\/\/colecalatrava.es\/wp-content\/uploads\/2025\/05\/PHOTO-2025-05-23-09-07-13-1-1152x1536.jpg 1152w, https:\/\/colecalatrava.es\/wp-content\/uploads\/2025\/05\/PHOTO-2025-05-23-09-07-13-1.jpg 1536w\" sizes=\"auto, (max-width: 768px) 100vw, 768px\" \/><\/figure>\n\n\n\n<p>La visita obligada en Granada es a La Alhambra&#8230;<\/p>\n\n\n\n<figure class=\"wp-block-gallery has-nested-images columns-default is-cropped wp-block-gallery-2 is-layout-flex wp-block-gallery-is-layout-flex\">\n<figure class=\"wp-block-image size-large\"><img loading=\"lazy\" decoding=\"async\" width=\"1024\" height=\"768\" data-id=\"1673\" src=\"https:\/\/colecalatrava.es\/wp-content\/uploads\/2025\/05\/PHOTO-2025-05-23-11-23-05-2-1024x768.jpg\" alt=\"\" class=\"wp-image-1673\" srcset=\"https:\/\/colecalatrava.es\/wp-content\/uploads\/2025\/05\/PHOTO-2025-05-23-11-23-05-2-1024x768.jpg 1024w, https:\/\/colecalatrava.es\/wp-content\/uploads\/2025\/05\/PHOTO-2025-05-23-11-23-05-2-300x225.jpg 300w, https:\/\/colecalatrava.es\/wp-content\/uploads\/2025\/05\/PHOTO-2025-05-23-11-23-05-2-768x576.jpg 768w, https:\/\/colecalatrava.es\/wp-content\/uploads\/2025\/05\/PHOTO-2025-05-23-11-23-05-2-1536x1152.jpg 1536w, https:\/\/colecalatrava.es\/wp-content\/uploads\/2025\/05\/PHOTO-2025-05-23-11-23-05-2.jpg 2040w\" sizes=\"auto, (max-width: 1024px) 100vw, 1024px\" \/><\/figure>\n\n\n\n<figure class=\"wp-block-image size-large\"><img loading=\"lazy\" decoding=\"async\" width=\"768\" height=\"1024\" data-id=\"1672\" src=\"https:\/\/colecalatrava.es\/wp-content\/uploads\/2025\/05\/PHOTO-2025-05-23-11-23-05-1-1-768x1024.jpg\" alt=\"\" class=\"wp-image-1672\" srcset=\"https:\/\/colecalatrava.es\/wp-content\/uploads\/2025\/05\/PHOTO-2025-05-23-11-23-05-1-1-768x1024.jpg 768w, https:\/\/colecalatrava.es\/wp-content\/uploads\/2025\/05\/PHOTO-2025-05-23-11-23-05-1-1-225x300.jpg 225w, https:\/\/colecalatrava.es\/wp-content\/uploads\/2025\/05\/PHOTO-2025-05-23-11-23-05-1-1-1152x1536.jpg 1152w, https:\/\/colecalatrava.es\/wp-content\/uploads\/2025\/05\/PHOTO-2025-05-23-11-23-05-1-1.jpg 1530w\" sizes=\"auto, (max-width: 768px) 100vw, 768px\" \/><\/figure>\n\n\n\n<figure class=\"wp-block-image size-large\"><img loading=\"lazy\" decoding=\"async\" width=\"640\" height=\"480\" data-id=\"1671\" src=\"https:\/\/colecalatrava.es\/wp-content\/uploads\/2025\/05\/PHOTO-2025-05-23-11-23-06-1.jpg\" alt=\"\" class=\"wp-image-1671\" srcset=\"https:\/\/colecalatrava.es\/wp-content\/uploads\/2025\/05\/PHOTO-2025-05-23-11-23-06-1.jpg 640w, https:\/\/colecalatrava.es\/wp-content\/uploads\/2025\/05\/PHOTO-2025-05-23-11-23-06-1-300x225.jpg 300w\" sizes=\"auto, (max-width: 640px) 100vw, 640px\" \/><\/figure>\n\n\n\n<figure class=\"wp-block-image size-large\"><img loading=\"lazy\" decoding=\"async\" width=\"1024\" height=\"768\" data-id=\"1666\" src=\"https:\/\/colecalatrava.es\/wp-content\/uploads\/2025\/05\/PHOTO-2025-05-23-10-50-57-1-1024x768.jpg\" alt=\"\" class=\"wp-image-1666\" srcset=\"https:\/\/colecalatrava.es\/wp-content\/uploads\/2025\/05\/PHOTO-2025-05-23-10-50-57-1-1024x768.jpg 1024w, https:\/\/colecalatrava.es\/wp-content\/uploads\/2025\/05\/PHOTO-2025-05-23-10-50-57-1-300x225.jpg 300w, https:\/\/colecalatrava.es\/wp-content\/uploads\/2025\/05\/PHOTO-2025-05-23-10-50-57-1-768x576.jpg 768w, https:\/\/colecalatrava.es\/wp-content\/uploads\/2025\/05\/PHOTO-2025-05-23-10-50-57-1-1536x1152.jpg 1536w, https:\/\/colecalatrava.es\/wp-content\/uploads\/2025\/05\/PHOTO-2025-05-23-10-50-57-1.jpg 2048w\" sizes=\"auto, (max-width: 1024px) 100vw, 1024px\" \/><\/figure>\n\n\n\n<figure class=\"wp-block-image size-large\"><img loading=\"lazy\" decoding=\"async\" width=\"1024\" height=\"768\" data-id=\"1665\" src=\"https:\/\/colecalatrava.es\/wp-content\/uploads\/2025\/05\/PHOTO-2025-05-23-11-14-24-1-1024x768.jpg\" alt=\"\" class=\"wp-image-1665\" srcset=\"https:\/\/colecalatrava.es\/wp-content\/uploads\/2025\/05\/PHOTO-2025-05-23-11-14-24-1-1024x768.jpg 1024w, https:\/\/colecalatrava.es\/wp-content\/uploads\/2025\/05\/PHOTO-2025-05-23-11-14-24-1-300x225.jpg 300w, https:\/\/colecalatrava.es\/wp-content\/uploads\/2025\/05\/PHOTO-2025-05-23-11-14-24-1-768x576.jpg 768w, https:\/\/colecalatrava.es\/wp-content\/uploads\/2025\/05\/PHOTO-2025-05-23-11-14-24-1-1536x1153.jpg 1536w, https:\/\/colecalatrava.es\/wp-content\/uploads\/2025\/05\/PHOTO-2025-05-23-11-14-24-1.jpg 1599w\" sizes=\"auto, (max-width: 1024px) 100vw, 1024px\" \/><\/figure>\n\n\n\n<figure class=\"wp-block-image size-large\"><img loading=\"lazy\" decoding=\"async\" width=\"1024\" height=\"768\" data-id=\"1664\" src=\"https:\/\/colecalatrava.es\/wp-content\/uploads\/2025\/05\/PHOTO-2025-05-23-11-16-10-2-1024x768.jpg\" alt=\"\" class=\"wp-image-1664\" srcset=\"https:\/\/colecalatrava.es\/wp-content\/uploads\/2025\/05\/PHOTO-2025-05-23-11-16-10-2-1024x768.jpg 1024w, https:\/\/colecalatrava.es\/wp-content\/uploads\/2025\/05\/PHOTO-2025-05-23-11-16-10-2-300x225.jpg 300w, https:\/\/colecalatrava.es\/wp-content\/uploads\/2025\/05\/PHOTO-2025-05-23-11-16-10-2-768x576.jpg 768w, https:\/\/colecalatrava.es\/wp-content\/uploads\/2025\/05\/PHOTO-2025-05-23-11-16-10-2-1536x1153.jpg 1536w, https:\/\/colecalatrava.es\/wp-content\/uploads\/2025\/05\/PHOTO-2025-05-23-11-16-10-2.jpg 1599w\" sizes=\"auto, (max-width: 1024px) 100vw, 1024px\" \/><\/figure>\n\n\n\n<figure class=\"wp-block-image size-large\"><img loading=\"lazy\" decoding=\"async\" width=\"1024\" height=\"768\" data-id=\"1659\" src=\"https:\/\/colecalatrava.es\/wp-content\/uploads\/2025\/05\/PHOTO-2025-05-23-12-05-07-4-1024x768.jpg\" alt=\"\" class=\"wp-image-1659\" srcset=\"https:\/\/colecalatrava.es\/wp-content\/uploads\/2025\/05\/PHOTO-2025-05-23-12-05-07-4-1024x768.jpg 1024w, https:\/\/colecalatrava.es\/wp-content\/uploads\/2025\/05\/PHOTO-2025-05-23-12-05-07-4-300x225.jpg 300w, https:\/\/colecalatrava.es\/wp-content\/uploads\/2025\/05\/PHOTO-2025-05-23-12-05-07-4-768x576.jpg 768w, https:\/\/colecalatrava.es\/wp-content\/uploads\/2025\/05\/PHOTO-2025-05-23-12-05-07-4-1536x1152.jpg 1536w, https:\/\/colecalatrava.es\/wp-content\/uploads\/2025\/05\/PHOTO-2025-05-23-12-05-07-4.jpg 1600w\" sizes=\"auto, (max-width: 1024px) 100vw, 1024px\" \/><\/figure>\n\n\n\n<figure class=\"wp-block-image size-large\"><img loading=\"lazy\" decoding=\"async\" width=\"1024\" height=\"768\" data-id=\"1657\" src=\"https:\/\/colecalatrava.es\/wp-content\/uploads\/2025\/05\/PHOTO-2025-05-23-12-05-07-2-1-1024x768.jpg\" alt=\"\" class=\"wp-image-1657\" srcset=\"https:\/\/colecalatrava.es\/wp-content\/uploads\/2025\/05\/PHOTO-2025-05-23-12-05-07-2-1-1024x768.jpg 1024w, https:\/\/colecalatrava.es\/wp-content\/uploads\/2025\/05\/PHOTO-2025-05-23-12-05-07-2-1-300x225.jpg 300w, https:\/\/colecalatrava.es\/wp-content\/uploads\/2025\/05\/PHOTO-2025-05-23-12-05-07-2-1-768x576.jpg 768w, https:\/\/colecalatrava.es\/wp-content\/uploads\/2025\/05\/PHOTO-2025-05-23-12-05-07-2-1-1536x1152.jpg 1536w, https:\/\/colecalatrava.es\/wp-content\/uploads\/2025\/05\/PHOTO-2025-05-23-12-05-07-2-1.jpg 1600w\" sizes=\"auto, (max-width: 1024px) 100vw, 1024px\" \/><\/figure>\n\n\n\n<figure class=\"wp-block-image size-large\"><img loading=\"lazy\" decoding=\"async\" width=\"1024\" height=\"768\" data-id=\"1656\" src=\"https:\/\/colecalatrava.es\/wp-content\/uploads\/2025\/05\/PHOTO-2025-05-23-12-05-07-3-1-1024x768.jpg\" alt=\"\" class=\"wp-image-1656\" srcset=\"https:\/\/colecalatrava.es\/wp-content\/uploads\/2025\/05\/PHOTO-2025-05-23-12-05-07-3-1-1024x768.jpg 1024w, https:\/\/colecalatrava.es\/wp-content\/uploads\/2025\/05\/PHOTO-2025-05-23-12-05-07-3-1-300x225.jpg 300w, https:\/\/colecalatrava.es\/wp-content\/uploads\/2025\/05\/PHOTO-2025-05-23-12-05-07-3-1-768x576.jpg 768w, https:\/\/colecalatrava.es\/wp-content\/uploads\/2025\/05\/PHOTO-2025-05-23-12-05-07-3-1-1536x1152.jpg 1536w, https:\/\/colecalatrava.es\/wp-content\/uploads\/2025\/05\/PHOTO-2025-05-23-12-05-07-3-1.jpg 1600w\" sizes=\"auto, (max-width: 1024px) 100vw, 1024px\" \/><\/figure>\n\n\n\n<figure class=\"wp-block-image size-large\"><img loading=\"lazy\" decoding=\"async\" width=\"1024\" height=\"768\" data-id=\"1650\" src=\"https:\/\/colecalatrava.es\/wp-content\/uploads\/2025\/05\/PHOTO-2025-05-23-10-50-57-1024x768.jpg\" alt=\"\" class=\"wp-image-1650\" srcset=\"https:\/\/colecalatrava.es\/wp-content\/uploads\/2025\/05\/PHOTO-2025-05-23-10-50-57-1024x768.jpg 1024w, https:\/\/colecalatrava.es\/wp-content\/uploads\/2025\/05\/PHOTO-2025-05-23-10-50-57-300x225.jpg 300w, https:\/\/colecalatrava.es\/wp-content\/uploads\/2025\/05\/PHOTO-2025-05-23-10-50-57-768x576.jpg 768w, https:\/\/colecalatrava.es\/wp-content\/uploads\/2025\/05\/PHOTO-2025-05-23-10-50-57-1536x1152.jpg 1536w, https:\/\/colecalatrava.es\/wp-content\/uploads\/2025\/05\/PHOTO-2025-05-23-10-50-57.jpg 2048w\" sizes=\"auto, (max-width: 1024px) 100vw, 1024px\" \/><\/figure>\n\n\n\n<figure class=\"wp-block-image size-large\"><img loading=\"lazy\" decoding=\"async\" width=\"640\" height=\"480\" data-id=\"1636\" src=\"https:\/\/colecalatrava.es\/wp-content\/uploads\/2025\/05\/PHOTO-2025-05-23-11-23-06.jpg\" alt=\"\" class=\"wp-image-1636\" srcset=\"https:\/\/colecalatrava.es\/wp-content\/uploads\/2025\/05\/PHOTO-2025-05-23-11-23-06.jpg 640w, https:\/\/colecalatrava.es\/wp-content\/uploads\/2025\/05\/PHOTO-2025-05-23-11-23-06-300x225.jpg 300w\" sizes=\"auto, (max-width: 640px) 100vw, 640px\" \/><\/figure>\n<\/figure>\n\n\n\n<p>Tambi\u00e9n han estado en el palacio ce Darlos V&#8230;<\/p>\n\n\n\n<figure class=\"wp-block-gallery has-nested-images columns-default is-cropped wp-block-gallery-3 is-layout-flex wp-block-gallery-is-layout-flex\">\n<figure class=\"wp-block-image size-large\"><img loading=\"lazy\" decoding=\"async\" width=\"640\" height=\"480\" data-id=\"1655\" src=\"https:\/\/colecalatrava.es\/wp-content\/uploads\/2025\/05\/PHOTO-2025-05-23-12-37-45-1.jpg\" alt=\"\" class=\"wp-image-1655\" srcset=\"https:\/\/colecalatrava.es\/wp-content\/uploads\/2025\/05\/PHOTO-2025-05-23-12-37-45-1.jpg 640w, https:\/\/colecalatrava.es\/wp-content\/uploads\/2025\/05\/PHOTO-2025-05-23-12-37-45-1-300x225.jpg 300w\" sizes=\"auto, (max-width: 640px) 100vw, 640px\" \/><\/figure>\n<\/figure>\n\n\n\n<figure class=\"wp-block-gallery has-nested-images columns-default is-cropped wp-block-gallery-4 is-layout-flex wp-block-gallery-is-layout-flex\">\n<figure class=\"wp-block-image size-large\"><img loading=\"lazy\" decoding=\"async\" width=\"1024\" height=\"768\" data-id=\"1687\" src=\"https:\/\/colecalatrava.es\/wp-content\/uploads\/2025\/05\/PHOTO-2025-05-23-14-18-33-1024x768.jpg\" alt=\"\" class=\"wp-image-1687\" srcset=\"https:\/\/colecalatrava.es\/wp-content\/uploads\/2025\/05\/PHOTO-2025-05-23-14-18-33-1024x768.jpg 1024w, https:\/\/colecalatrava.es\/wp-content\/uploads\/2025\/05\/PHOTO-2025-05-23-14-18-33-300x225.jpg 300w, https:\/\/colecalatrava.es\/wp-content\/uploads\/2025\/05\/PHOTO-2025-05-23-14-18-33-768x576.jpg 768w, https:\/\/colecalatrava.es\/wp-content\/uploads\/2025\/05\/PHOTO-2025-05-23-14-18-33-1536x1153.jpg 1536w, https:\/\/colecalatrava.es\/wp-content\/uploads\/2025\/05\/PHOTO-2025-05-23-14-18-33.jpg 1599w\" sizes=\"auto, (max-width: 1024px) 100vw, 1024px\" \/><\/figure>\n\n\n\n<figure class=\"wp-block-image size-large\"><img loading=\"lazy\" decoding=\"async\" width=\"1024\" height=\"768\" data-id=\"1680\" src=\"https:\/\/colecalatrava.es\/wp-content\/uploads\/2025\/05\/PHOTO-2025-05-23-14-18-32-1024x768.jpg\" alt=\"\" class=\"wp-image-1680\" srcset=\"https:\/\/colecalatrava.es\/wp-content\/uploads\/2025\/05\/PHOTO-2025-05-23-14-18-32-1024x768.jpg 1024w, https:\/\/colecalatrava.es\/wp-content\/uploads\/2025\/05\/PHOTO-2025-05-23-14-18-32-300x225.jpg 300w, https:\/\/colecalatrava.es\/wp-content\/uploads\/2025\/05\/PHOTO-2025-05-23-14-18-32-768x576.jpg 768w, https:\/\/colecalatrava.es\/wp-content\/uploads\/2025\/05\/PHOTO-2025-05-23-14-18-32-1536x1153.jpg 1536w, https:\/\/colecalatrava.es\/wp-content\/uploads\/2025\/05\/PHOTO-2025-05-23-14-18-32.jpg 1599w\" sizes=\"auto, (max-width: 1024px) 100vw, 1024px\" \/><\/figure>\n\n\n\n<figure class=\"wp-block-image size-large\"><img loading=\"lazy\" decoding=\"async\" width=\"1024\" height=\"768\" data-id=\"1689\" src=\"https:\/\/colecalatrava.es\/wp-content\/uploads\/2025\/05\/PHOTO-2025-05-23-14-18-32-3-1024x768.jpg\" alt=\"\" class=\"wp-image-1689\" srcset=\"https:\/\/colecalatrava.es\/wp-content\/uploads\/2025\/05\/PHOTO-2025-05-23-14-18-32-3-1024x768.jpg 1024w, https:\/\/colecalatrava.es\/wp-content\/uploads\/2025\/05\/PHOTO-2025-05-23-14-18-32-3-300x225.jpg 300w, https:\/\/colecalatrava.es\/wp-content\/uploads\/2025\/05\/PHOTO-2025-05-23-14-18-32-3-768x576.jpg 768w, https:\/\/colecalatrava.es\/wp-content\/uploads\/2025\/05\/PHOTO-2025-05-23-14-18-32-3-1536x1153.jpg 1536w, https:\/\/colecalatrava.es\/wp-content\/uploads\/2025\/05\/PHOTO-2025-05-23-14-18-32-3.jpg 1599w\" sizes=\"auto, (max-width: 1024px) 100vw, 1024px\" \/><\/figure>\n\n\n\n<figure class=\"wp-block-image size-large\"><img loading=\"lazy\" decoding=\"async\" width=\"1024\" height=\"768\" data-id=\"1688\" src=\"https:\/\/colecalatrava.es\/wp-content\/uploads\/2025\/05\/PHOTO-2025-05-23-14-18-32-2-1024x768.jpg\" alt=\"\" class=\"wp-image-1688\" srcset=\"https:\/\/colecalatrava.es\/wp-content\/uploads\/2025\/05\/PHOTO-2025-05-23-14-18-32-2-1024x768.jpg 1024w, https:\/\/colecalatrava.es\/wp-content\/uploads\/2025\/05\/PHOTO-2025-05-23-14-18-32-2-300x225.jpg 300w, https:\/\/colecalatrava.es\/wp-content\/uploads\/2025\/05\/PHOTO-2025-05-23-14-18-32-2-768x576.jpg 768w, https:\/\/colecalatrava.es\/wp-content\/uploads\/2025\/05\/PHOTO-2025-05-23-14-18-32-2-1536x1153.jpg 1536w, https:\/\/colecalatrava.es\/wp-content\/uploads\/2025\/05\/PHOTO-2025-05-23-14-18-32-2.jpg 1599w\" sizes=\"auto, (max-width: 1024px) 100vw, 1024px\" \/><\/figure>\n\n\n\n<figure class=\"wp-block-image size-large\"><img loading=\"lazy\" decoding=\"async\" width=\"1024\" height=\"768\" data-id=\"1690\" src=\"https:\/\/colecalatrava.es\/wp-content\/uploads\/2025\/05\/PHOTO-2025-05-23-14-18-32-1-1024x768.jpg\" alt=\"\" class=\"wp-image-1690\" srcset=\"https:\/\/colecalatrava.es\/wp-content\/uploads\/2025\/05\/PHOTO-2025-05-23-14-18-32-1-1024x768.jpg 1024w, https:\/\/colecalatrava.es\/wp-content\/uploads\/2025\/05\/PHOTO-2025-05-23-14-18-32-1-300x225.jpg 300w, https:\/\/colecalatrava.es\/wp-content\/uploads\/2025\/05\/PHOTO-2025-05-23-14-18-32-1-768x576.jpg 768w, https:\/\/colecalatrava.es\/wp-content\/uploads\/2025\/05\/PHOTO-2025-05-23-14-18-32-1-1536x1153.jpg 1536w, https:\/\/colecalatrava.es\/wp-content\/uploads\/2025\/05\/PHOTO-2025-05-23-14-18-32-1.jpg 1599w\" sizes=\"auto, (max-width: 1024px) 100vw, 1024px\" \/><\/figure>\n<\/figure>\n\n\n\n<p>Despu\u00e9s Parque de las Ciencias&#8230;<\/p>\n\n\n\n<figure class=\"wp-block-gallery has-nested-images columns-default is-cropped wp-block-gallery-5 is-layout-flex wp-block-gallery-is-layout-flex\">\n<figure class=\"wp-block-image size-large\"><img loading=\"lazy\" decoding=\"async\" width=\"1024\" height=\"768\" data-id=\"1684\" src=\"https:\/\/colecalatrava.es\/wp-content\/uploads\/2025\/05\/PHOTO-2025-05-23-15-15-37-1-1024x768.jpg\" alt=\"\" class=\"wp-image-1684\" srcset=\"https:\/\/colecalatrava.es\/wp-content\/uploads\/2025\/05\/PHOTO-2025-05-23-15-15-37-1-1024x768.jpg 1024w, https:\/\/colecalatrava.es\/wp-content\/uploads\/2025\/05\/PHOTO-2025-05-23-15-15-37-1-300x225.jpg 300w, https:\/\/colecalatrava.es\/wp-content\/uploads\/2025\/05\/PHOTO-2025-05-23-15-15-37-1-768x576.jpg 768w, https:\/\/colecalatrava.es\/wp-content\/uploads\/2025\/05\/PHOTO-2025-05-23-15-15-37-1-1536x1153.jpg 1536w, https:\/\/colecalatrava.es\/wp-content\/uploads\/2025\/05\/PHOTO-2025-05-23-15-15-37-1.jpg 1599w\" sizes=\"auto, (max-width: 1024px) 100vw, 1024px\" \/><\/figure>\n\n\n\n<figure class=\"wp-block-image size-large\"><img loading=\"lazy\" decoding=\"async\" width=\"768\" height=\"1024\" data-id=\"1681\" src=\"https:\/\/colecalatrava.es\/wp-content\/uploads\/2025\/05\/PHOTO-2025-05-23-15-15-37-768x1024.jpg\" alt=\"\" class=\"wp-image-1681\" srcset=\"https:\/\/colecalatrava.es\/wp-content\/uploads\/2025\/05\/PHOTO-2025-05-23-15-15-37-768x1023.jpg 768w, https:\/\/colecalatrava.es\/wp-content\/uploads\/2025\/05\/PHOTO-2025-05-23-15-15-37-225x300.jpg 225w, https:\/\/colecalatrava.es\/wp-content\/uploads\/2025\/05\/PHOTO-2025-05-23-15-15-37-1153x1536.jpg 1153w, https:\/\/colecalatrava.es\/wp-content\/uploads\/2025\/05\/PHOTO-2025-05-23-15-15-37.jpg 1200w\" sizes=\"auto, (max-width: 768px) 100vw, 768px\" \/><\/figure>\n\n\n\n<figure class=\"wp-block-image size-large\"><img loading=\"lazy\" decoding=\"async\" width=\"1024\" height=\"768\" data-id=\"1683\" src=\"https:\/\/colecalatrava.es\/wp-content\/uploads\/2025\/05\/PHOTO-2025-05-23-18-19-09-2-1024x768.jpg\" alt=\"\" class=\"wp-image-1683\" srcset=\"https:\/\/colecalatrava.es\/wp-content\/uploads\/2025\/05\/PHOTO-2025-05-23-18-19-09-2-1024x768.jpg 1024w, https:\/\/colecalatrava.es\/wp-content\/uploads\/2025\/05\/PHOTO-2025-05-23-18-19-09-2-300x225.jpg 300w, https:\/\/colecalatrava.es\/wp-content\/uploads\/2025\/05\/PHOTO-2025-05-23-18-19-09-2-768x576.jpg 768w, https:\/\/colecalatrava.es\/wp-content\/uploads\/2025\/05\/PHOTO-2025-05-23-18-19-09-2-1536x1152.jpg 1536w, https:\/\/colecalatrava.es\/wp-content\/uploads\/2025\/05\/PHOTO-2025-05-23-18-19-09-2.jpg 1600w\" sizes=\"auto, (max-width: 1024px) 100vw, 1024px\" \/><\/figure>\n\n\n\n<figure class=\"wp-block-image size-large\"><img loading=\"lazy\" decoding=\"async\" width=\"768\" height=\"1024\" data-id=\"1686\" src=\"https:\/\/colecalatrava.es\/wp-content\/uploads\/2025\/05\/PHOTO-2025-05-23-15-48-26-768x1024.jpg\" alt=\"\" class=\"wp-image-1686\" srcset=\"https:\/\/colecalatrava.es\/wp-content\/uploads\/2025\/05\/PHOTO-2025-05-23-15-48-26-768x1023.jpg 768w, https:\/\/colecalatrava.es\/wp-content\/uploads\/2025\/05\/PHOTO-2025-05-23-15-48-26-225x300.jpg 225w, https:\/\/colecalatrava.es\/wp-content\/uploads\/2025\/05\/PHOTO-2025-05-23-15-48-26-1153x1536.jpg 1153w, https:\/\/colecalatrava.es\/wp-content\/uploads\/2025\/05\/PHOTO-2025-05-23-15-48-26.jpg 1200w\" sizes=\"auto, (max-width: 768px) 100vw, 768px\" \/><\/figure>\n\n\n\n<figure class=\"wp-block-image size-large\"><img loading=\"lazy\" decoding=\"async\" width=\"768\" height=\"1024\" data-id=\"1685\" src=\"https:\/\/colecalatrava.es\/wp-content\/uploads\/2025\/05\/PHOTO-2025-05-23-17-16-09-768x1024.jpg\" alt=\"\" class=\"wp-image-1685\" srcset=\"https:\/\/colecalatrava.es\/wp-content\/uploads\/2025\/05\/PHOTO-2025-05-23-17-16-09-768x1023.jpg 768w, https:\/\/colecalatrava.es\/wp-content\/uploads\/2025\/05\/PHOTO-2025-05-23-17-16-09-225x300.jpg 225w, https:\/\/colecalatrava.es\/wp-content\/uploads\/2025\/05\/PHOTO-2025-05-23-17-16-09-1153x1536.jpg 1153w, https:\/\/colecalatrava.es\/wp-content\/uploads\/2025\/05\/PHOTO-2025-05-23-17-16-09.jpg 1200w\" sizes=\"auto, (max-width: 768px) 100vw, 768px\" \/><\/figure>\n\n\n\n<figure class=\"wp-block-image size-large\"><img loading=\"lazy\" decoding=\"async\" width=\"1024\" height=\"768\" data-id=\"1682\" src=\"https:\/\/colecalatrava.es\/wp-content\/uploads\/2025\/05\/PHOTO-2025-05-23-14-36-00-1024x768.jpg\" alt=\"\" class=\"wp-image-1682\" srcset=\"https:\/\/colecalatrava.es\/wp-content\/uploads\/2025\/05\/PHOTO-2025-05-23-14-36-00-1024x768.jpg 1024w, https:\/\/colecalatrava.es\/wp-content\/uploads\/2025\/05\/PHOTO-2025-05-23-14-36-00-300x225.jpg 300w, https:\/\/colecalatrava.es\/wp-content\/uploads\/2025\/05\/PHOTO-2025-05-23-14-36-00-768x576.jpg 768w, https:\/\/colecalatrava.es\/wp-content\/uploads\/2025\/05\/PHOTO-2025-05-23-14-36-00-1536x1153.jpg 1536w, https:\/\/colecalatrava.es\/wp-content\/uploads\/2025\/05\/PHOTO-2025-05-23-14-36-00.jpg 1599w\" sizes=\"auto, (max-width: 1024px) 100vw, 1024px\" \/><\/figure>\n\n\n\n<figure class=\"wp-block-image size-large\"><img loading=\"lazy\" decoding=\"async\" width=\"1024\" height=\"768\" data-id=\"1678\" src=\"https:\/\/colecalatrava.es\/wp-content\/uploads\/2025\/05\/PHOTO-2025-05-23-18-19-09-1024x768.jpg\" alt=\"\" class=\"wp-image-1678\" srcset=\"https:\/\/colecalatrava.es\/wp-content\/uploads\/2025\/05\/PHOTO-2025-05-23-18-19-09-1024x768.jpg 1024w, https:\/\/colecalatrava.es\/wp-content\/uploads\/2025\/05\/PHOTO-2025-05-23-18-19-09-300x225.jpg 300w, https:\/\/colecalatrava.es\/wp-content\/uploads\/2025\/05\/PHOTO-2025-05-23-18-19-09-768x576.jpg 768w, https:\/\/colecalatrava.es\/wp-content\/uploads\/2025\/05\/PHOTO-2025-05-23-18-19-09-1536x1152.jpg 1536w, https:\/\/colecalatrava.es\/wp-content\/uploads\/2025\/05\/PHOTO-2025-05-23-18-19-09.jpg 1600w\" sizes=\"auto, (max-width: 1024px) 100vw, 1024px\" \/><\/figure>\n\n\n\n<figure class=\"wp-block-image size-large\"><img loading=\"lazy\" decoding=\"async\" width=\"1024\" height=\"768\" data-id=\"1679\" src=\"https:\/\/colecalatrava.es\/wp-content\/uploads\/2025\/05\/PHOTO-2025-05-23-18-19-09-1-1024x768.jpg\" alt=\"\" class=\"wp-image-1679\" srcset=\"https:\/\/colecalatrava.es\/wp-content\/uploads\/2025\/05\/PHOTO-2025-05-23-18-19-09-1-1024x768.jpg 1024w, https:\/\/colecalatrava.es\/wp-content\/uploads\/2025\/05\/PHOTO-2025-05-23-18-19-09-1-300x225.jpg 300w, https:\/\/colecalatrava.es\/wp-content\/uploads\/2025\/05\/PHOTO-2025-05-23-18-19-09-1-768x576.jpg 768w, https:\/\/colecalatrava.es\/wp-content\/uploads\/2025\/05\/PHOTO-2025-05-23-18-19-09-1-1536x1152.jpg 1536w, https:\/\/colecalatrava.es\/wp-content\/uploads\/2025\/05\/PHOTO-2025-05-23-18-19-09-1.jpg 1600w\" sizes=\"auto, (max-width: 1024px) 100vw, 1024px\" \/><\/figure>\n\n\n\n<figure class=\"wp-block-image size-large\"><img loading=\"lazy\" decoding=\"async\" width=\"480\" height=\"640\" data-id=\"1677\" src=\"https:\/\/colecalatrava.es\/wp-content\/uploads\/2025\/05\/PHOTO-2025-05-23-17-30-22.jpg\" alt=\"\" class=\"wp-image-1677\" srcset=\"https:\/\/colecalatrava.es\/wp-content\/uploads\/2025\/05\/PHOTO-2025-05-23-17-30-22.jpg 480w, https:\/\/colecalatrava.es\/wp-content\/uploads\/2025\/05\/PHOTO-2025-05-23-17-30-22-225x300.jpg 225w\" sizes=\"auto, (max-width: 480px) 100vw, 480px\" \/><\/figure>\n\n\n\n<figure class=\"wp-block-image size-large\"><img loading=\"lazy\" decoding=\"async\" width=\"1024\" height=\"768\" data-id=\"1676\" src=\"https:\/\/colecalatrava.es\/wp-content\/uploads\/2025\/05\/PHOTO-2025-05-23-18-25-31-1024x768.jpg\" alt=\"\" class=\"wp-image-1676\" srcset=\"https:\/\/colecalatrava.es\/wp-content\/uploads\/2025\/05\/PHOTO-2025-05-23-18-25-31-1024x768.jpg 1024w, https:\/\/colecalatrava.es\/wp-content\/uploads\/2025\/05\/PHOTO-2025-05-23-18-25-31-300x225.jpg 300w, https:\/\/colecalatrava.es\/wp-content\/uploads\/2025\/05\/PHOTO-2025-05-23-18-25-31-768x576.jpg 768w, https:\/\/colecalatrava.es\/wp-content\/uploads\/2025\/05\/PHOTO-2025-05-23-18-25-31-1536x1153.jpg 1536w, https:\/\/colecalatrava.es\/wp-content\/uploads\/2025\/05\/PHOTO-2025-05-23-18-25-31.jpg 1599w\" sizes=\"auto, (max-width: 1024px) 100vw, 1024px\" \/><\/figure>\n<\/figure>\n\n\n\n<p>Como hab\u00e9is podido ver, el d\u00eda ha sido muy laaaaargo. Ahora una horitas de bus y a casita. <\/p>\n\n\n\n<p>Creo que cuando lleguen a Daimiel, como suelen decir las madres: \u00ab\u00a1qu\u00e9 poquita guerra van a dar esta noche!\u00bb.<\/p>\n\n\n\n<p>Os espera un fin de semana de compartir vivencias y an\u00e9cdotas de este viaje que para ellos y ellas habr\u00e1 sido inolvidable. Muchas gracias a los profes Juanma, Jes\u00fas y M. Jes\u00fas por embarcarse en esta aventura con ellos\/as.<\/p>\n\n\n\n<p> \u00a1Chicos\/as, os esperamos el lunes de vuelta, descansados y con las pilas cargadas!<\/p>\n\n\n\n<p><\/p>\n","protected":false},"excerpt":{"rendered":"<p>Despu\u00e9s de la visita guiada de anoche por el centro de Granada, hoy les toca la visita de d\u00eda. La jornada ha empezado con un buen desayuno para cargar pilas, porque intuyo que la noche ha debido ser larga&#8230; jjj A saber a qu\u00e9 hora se habr\u00e1n dormido cont\u00e1ndose confidencias! La visita obligada en Granada [&hellip;]<\/p>\n","protected":false},"author":1,"featured_media":1597,"comment_status":"open","ping_status":"closed","sticky":false,"template":"","format":"standard","meta":{"footnotes":""},"categories":[1],"tags":[],"class_list":["post-1633","post","type-post","status-publish","format-standard","has-post-thumbnail","hentry","category-uncategorized"],"_links":{"self":[{"href":"https:\/\/colecalatrava.es\/index.php?rest_route=\/wp\/v2\/posts\/1633","targetHints":{"allow":["GET"]}}],"collection":[{"href":"https:\/\/colecalatrava.es\/index.php?rest_route=\/wp\/v2\/posts"}],"about":[{"href":"https:\/\/colecalatrava.es\/index.php?rest_route=\/wp\/v2\/types\/post"}],"author":[{"embeddable":true,"href":"https:\/\/colecalatrava.es\/index.php?rest_route=\/wp\/v2\/users\/1"}],"replies":[{"embeddable":true,"href":"https:\/\/colecalatrava.es\/index.php?rest_route=%2Fwp%2Fv2%2Fcomments&post=1633"}],"version-history":[{"count":2,"href":"https:\/\/colecalatrava.es\/index.php?rest_route=\/wp\/v2\/posts\/1633\/revisions"}],"predecessor-version":[{"id":1691,"href":"https:\/\/colecalatrava.es\/index.php?rest_route=\/wp\/v2\/posts\/1633\/revisions\/1691"}],"wp:featuredmedia":[{"embeddable":true,"href":"https:\/\/colecalatrava.es\/index.php?rest_route=\/wp\/v2\/media\/1597"}],"wp:attachment":[{"href":"https:\/\/colecalatrava.es\/index.php?rest_route=%2Fwp%2Fv2%2Fmedia&parent=1633"}],"wp:term":[{"taxonomy":"category","embeddable":true,"href":"https:\/\/colecalatrava.es\/index.php?rest_route=%2Fwp%2Fv2%2Fcategories&post=1633"},{"taxonomy":"post_tag","embeddable":true,"href":"https:\/\/colecalatrava.es\/index.php?rest_route=%2Fwp%2Fv2%2Ftags&post=1633"}],"curies":[{"name":"wp","href":"https:\/\/api.w.org\/{rel}","templated":true}]}}