{"id":1586,"date":"2025-05-19T07:04:12","date_gmt":"2025-05-19T07:04:12","guid":{"rendered":"https:\/\/colecalatrava.es\/?p=1586"},"modified":"2025-05-19T07:46:34","modified_gmt":"2025-05-19T07:46:34","slug":"que-es-un-rey-para-ti","status":"publish","type":"post","link":"https:\/\/colecalatrava.es\/?p=1586","title":{"rendered":"\u00bfQU\u00c9 ES UN REY PARA T\u00cd?"},"content":{"rendered":"\n<p>El pasado viernes 16 de mayo nuestros alumnos de 6\u00ba Jes\u00fas y Ariadna asistieron a la final regional de este concurso, que tuvo lugar en la Consejer\u00eda de Educaci\u00f3n. Acompa\u00f1ados por uno de sus progenitores y su tutor, Juanma, recibieron un peque\u00f1o detalle por su participaci\u00f3n. Si duda, fue una experiencia muy enriquecedora. <\/p>\n\n\n\n<figure class=\"wp-block-image size-large\"><img loading=\"lazy\" decoding=\"async\" width=\"1024\" height=\"681\" src=\"https:\/\/colecalatrava.es\/wp-content\/uploads\/2025\/05\/PHOTO-2025-05-19-09-43-43-1024x681.jpg\" alt=\"\" class=\"wp-image-1594\" srcset=\"https:\/\/colecalatrava.es\/wp-content\/uploads\/2025\/05\/PHOTO-2025-05-19-09-43-43-1024x681.jpg 1024w, https:\/\/colecalatrava.es\/wp-content\/uploads\/2025\/05\/PHOTO-2025-05-19-09-43-43-300x200.jpg 300w, https:\/\/colecalatrava.es\/wp-content\/uploads\/2025\/05\/PHOTO-2025-05-19-09-43-43-768x511.jpg 768w, https:\/\/colecalatrava.es\/wp-content\/uploads\/2025\/05\/PHOTO-2025-05-19-09-43-43.jpg 1079w\" sizes=\"auto, (max-width: 1024px) 100vw, 1024px\" \/><\/figure>\n","protected":false},"excerpt":{"rendered":"<p>El pasado viernes 16 de mayo nuestros alumnos de 6\u00ba Jes\u00fas y Ariadna asistieron a la final regional de este concurso, que tuvo lugar en la Consejer\u00eda de Educaci\u00f3n. Acompa\u00f1ados por uno de sus progenitores y su tutor, Juanma, recibieron un peque\u00f1o detalle por su participaci\u00f3n. Si duda, fue una experiencia muy enriquecedora.<\/p>\n","protected":false},"author":1,"featured_media":1587,"comment_status":"open","ping_status":"closed","sticky":false,"template":"","format":"standard","meta":{"footnotes":""},"categories":[1],"tags":[],"class_list":["post-1586","post","type-post","status-publish","format-standard","has-post-thumbnail","hentry","category-uncategorized"],"_links":{"self":[{"href":"https:\/\/colecalatrava.es\/index.php?rest_route=\/wp\/v2\/posts\/1586","targetHints":{"allow":["GET"]}}],"collection":[{"href":"https:\/\/colecalatrava.es\/index.php?rest_route=\/wp\/v2\/posts"}],"about":[{"href":"https:\/\/colecalatrava.es\/index.php?rest_route=\/wp\/v2\/types\/post"}],"author":[{"embeddable":true,"href":"https:\/\/colecalatrava.es\/index.php?rest_route=\/wp\/v2\/users\/1"}],"replies":[{"embeddable":true,"href":"https:\/\/colecalatrava.es\/index.php?rest_route=%2Fwp%2Fv2%2Fcomments&post=1586"}],"version-history":[{"count":2,"href":"https:\/\/colecalatrava.es\/index.php?rest_route=\/wp\/v2\/posts\/1586\/revisions"}],"predecessor-version":[{"id":1595,"href":"https:\/\/colecalatrava.es\/index.php?rest_route=\/wp\/v2\/posts\/1586\/revisions\/1595"}],"wp:featuredmedia":[{"embeddable":true,"href":"https:\/\/colecalatrava.es\/index.php?rest_route=\/wp\/v2\/media\/1587"}],"wp:attachment":[{"href":"https:\/\/colecalatrava.es\/index.php?rest_route=%2Fwp%2Fv2%2Fmedia&parent=1586"}],"wp:term":[{"taxonomy":"category","embeddable":true,"href":"https:\/\/colecalatrava.es\/index.php?rest_route=%2Fwp%2Fv2%2Fcategories&post=1586"},{"taxonomy":"post_tag","embeddable":true,"href":"https:\/\/colecalatrava.es\/index.php?rest_route=%2Fwp%2Fv2%2Ftags&post=1586"}],"curies":[{"name":"wp","href":"https:\/\/api.w.org\/{rel}","templated":true}]}}