{"id":1580,"date":"2025-05-14T08:56:34","date_gmt":"2025-05-14T08:56:34","guid":{"rendered":"https:\/\/colecalatrava.es\/?p=1580"},"modified":"2025-05-18T08:56:55","modified_gmt":"2025-05-18T08:56:55","slug":"somos-deporte","status":"publish","type":"post","link":"https:\/\/colecalatrava.es\/?p=1580","title":{"rendered":"\u00abSOMOS DEPORTE\u00bb"},"content":{"rendered":"\n<p>El jueves, 14 de mayo, se desarrollaron las jornadas locales de \u00abSOMOS DEPORTE 3X3\u00bb. Nuestros equipos, formados por alumnado de de varios cursos de 4\u00ba a 6\u00ba se desplaz\u00f3 al Pabell\u00f3n David C\u00f3rdoba para esta competici\u00f3n. Ha sido un gran d\u00eda de competici\u00f3n y deportividad en el que nuestro centro ha jugado genial, llegando dos equipos a la final. \u00a1Enhorabuena!<\/p>\n\n\n\n<figure class=\"wp-block-image size-large\"><img loading=\"lazy\" decoding=\"async\" width=\"768\" height=\"1024\" src=\"https:\/\/colecalatrava.es\/wp-content\/uploads\/2025\/05\/PHOTO-2025-05-15-15-42-51-768x1024.jpg\" alt=\"\" class=\"wp-image-1573\" srcset=\"https:\/\/colecalatrava.es\/wp-content\/uploads\/2025\/05\/PHOTO-2025-05-15-15-42-51-768x1024.jpg 768w, https:\/\/colecalatrava.es\/wp-content\/uploads\/2025\/05\/PHOTO-2025-05-15-15-42-51-225x300.jpg 225w, https:\/\/colecalatrava.es\/wp-content\/uploads\/2025\/05\/PHOTO-2025-05-15-15-42-51-1152x1536.jpg 1152w, https:\/\/colecalatrava.es\/wp-content\/uploads\/2025\/05\/PHOTO-2025-05-15-15-42-51.jpg 1200w\" sizes=\"auto, (max-width: 768px) 100vw, 768px\" \/><\/figure>\n","protected":false},"excerpt":{"rendered":"<p>El jueves, 14 de mayo, se desarrollaron las jornadas locales de \u00abSOMOS DEPORTE 3X3\u00bb. Nuestros equipos, formados por alumnado de de varios cursos de 4\u00ba a 6\u00ba se desplaz\u00f3 al Pabell\u00f3n David C\u00f3rdoba para esta competici\u00f3n. Ha sido un gran d\u00eda de competici\u00f3n y deportividad en el que nuestro centro ha jugado genial, llegando dos [&hellip;]<\/p>\n","protected":false},"author":1,"featured_media":1574,"comment_status":"open","ping_status":"closed","sticky":false,"template":"","format":"standard","meta":{"footnotes":""},"categories":[1],"tags":[],"class_list":["post-1580","post","type-post","status-publish","format-standard","has-post-thumbnail","hentry","category-uncategorized"],"_links":{"self":[{"href":"https:\/\/colecalatrava.es\/index.php?rest_route=\/wp\/v2\/posts\/1580","targetHints":{"allow":["GET"]}}],"collection":[{"href":"https:\/\/colecalatrava.es\/index.php?rest_route=\/wp\/v2\/posts"}],"about":[{"href":"https:\/\/colecalatrava.es\/index.php?rest_route=\/wp\/v2\/types\/post"}],"author":[{"embeddable":true,"href":"https:\/\/colecalatrava.es\/index.php?rest_route=\/wp\/v2\/users\/1"}],"replies":[{"embeddable":true,"href":"https:\/\/colecalatrava.es\/index.php?rest_route=%2Fwp%2Fv2%2Fcomments&post=1580"}],"version-history":[{"count":1,"href":"https:\/\/colecalatrava.es\/index.php?rest_route=\/wp\/v2\/posts\/1580\/revisions"}],"predecessor-version":[{"id":1581,"href":"https:\/\/colecalatrava.es\/index.php?rest_route=\/wp\/v2\/posts\/1580\/revisions\/1581"}],"wp:featuredmedia":[{"embeddable":true,"href":"https:\/\/colecalatrava.es\/index.php?rest_route=\/wp\/v2\/media\/1574"}],"wp:attachment":[{"href":"https:\/\/colecalatrava.es\/index.php?rest_route=%2Fwp%2Fv2%2Fmedia&parent=1580"}],"wp:term":[{"taxonomy":"category","embeddable":true,"href":"https:\/\/colecalatrava.es\/index.php?rest_route=%2Fwp%2Fv2%2Fcategories&post=1580"},{"taxonomy":"post_tag","embeddable":true,"href":"https:\/\/colecalatrava.es\/index.php?rest_route=%2Fwp%2Fv2%2Ftags&post=1580"}],"curies":[{"name":"wp","href":"https:\/\/api.w.org\/{rel}","templated":true}]}}