{"id":1565,"date":"2025-05-14T10:56:07","date_gmt":"2025-05-14T10:56:07","guid":{"rendered":"https:\/\/colecalatrava.es\/?p=1565"},"modified":"2025-05-14T10:56:07","modified_gmt":"2025-05-14T10:56:07","slug":"nos-cantan-los-mayos","status":"publish","type":"post","link":"https:\/\/colecalatrava.es\/?p=1565","title":{"rendered":"NOS CANTAN \u00abLOS MAYOS\u00bb"},"content":{"rendered":"\n<p>Un a\u00f1o m\u00e1s, la asociaci\u00f3n folkl\u00f3rica Virgen de las Cruces (de la que forma parte nuestra antigua compa\u00f1era Alicia) ha venido al cole a interpretar los t\u00edpicos \u00abmayos\u00bb a la \u00abcruz de mayo\u00bb que nuestra compa\u00f1era M. Cruces ha colocado en la entrada al centro. <\/p>\n\n\n\n<p>Nuestros\/as alumnos\/as han escuchado las coplas t\u00edpicas e incluso algunos las han interpretado.<\/p>\n\n\n\n<p>\u00a1Gracias por la visita!<\/p>\n\n\n\n<figure class=\"wp-block-image size-full\"><img loading=\"lazy\" decoding=\"async\" width=\"480\" height=\"640\" src=\"https:\/\/colecalatrava.es\/wp-content\/uploads\/2025\/05\/IMG_5259-rotated.jpg\" alt=\"\" class=\"wp-image-1567\" srcset=\"https:\/\/colecalatrava.es\/wp-content\/uploads\/2025\/05\/IMG_5259-rotated.jpg 480w, https:\/\/colecalatrava.es\/wp-content\/uploads\/2025\/05\/IMG_5259-225x300.jpg 225w\" sizes=\"auto, (max-width: 480px) 100vw, 480px\" \/><\/figure>\n","protected":false},"excerpt":{"rendered":"<p>Un a\u00f1o m\u00e1s, la asociaci\u00f3n folkl\u00f3rica Virgen de las Cruces (de la que forma parte nuestra antigua compa\u00f1era Alicia) ha venido al cole a interpretar los t\u00edpicos \u00abmayos\u00bb a la \u00abcruz de mayo\u00bb que nuestra compa\u00f1era M. Cruces ha colocado en la entrada al centro. Nuestros\/as alumnos\/as han escuchado las coplas t\u00edpicas e incluso algunos [&hellip;]<\/p>\n","protected":false},"author":1,"featured_media":1567,"comment_status":"open","ping_status":"closed","sticky":false,"template":"","format":"standard","meta":{"footnotes":""},"categories":[1],"tags":[],"class_list":["post-1565","post","type-post","status-publish","format-standard","has-post-thumbnail","hentry","category-uncategorized"],"_links":{"self":[{"href":"https:\/\/colecalatrava.es\/index.php?rest_route=\/wp\/v2\/posts\/1565","targetHints":{"allow":["GET"]}}],"collection":[{"href":"https:\/\/colecalatrava.es\/index.php?rest_route=\/wp\/v2\/posts"}],"about":[{"href":"https:\/\/colecalatrava.es\/index.php?rest_route=\/wp\/v2\/types\/post"}],"author":[{"embeddable":true,"href":"https:\/\/colecalatrava.es\/index.php?rest_route=\/wp\/v2\/users\/1"}],"replies":[{"embeddable":true,"href":"https:\/\/colecalatrava.es\/index.php?rest_route=%2Fwp%2Fv2%2Fcomments&post=1565"}],"version-history":[{"count":1,"href":"https:\/\/colecalatrava.es\/index.php?rest_route=\/wp\/v2\/posts\/1565\/revisions"}],"predecessor-version":[{"id":1568,"href":"https:\/\/colecalatrava.es\/index.php?rest_route=\/wp\/v2\/posts\/1565\/revisions\/1568"}],"wp:featuredmedia":[{"embeddable":true,"href":"https:\/\/colecalatrava.es\/index.php?rest_route=\/wp\/v2\/media\/1567"}],"wp:attachment":[{"href":"https:\/\/colecalatrava.es\/index.php?rest_route=%2Fwp%2Fv2%2Fmedia&parent=1565"}],"wp:term":[{"taxonomy":"category","embeddable":true,"href":"https:\/\/colecalatrava.es\/index.php?rest_route=%2Fwp%2Fv2%2Fcategories&post=1565"},{"taxonomy":"post_tag","embeddable":true,"href":"https:\/\/colecalatrava.es\/index.php?rest_route=%2Fwp%2Fv2%2Ftags&post=1565"}],"curies":[{"name":"wp","href":"https:\/\/api.w.org\/{rel}","templated":true}]}}