{"id":1536,"date":"2025-05-10T08:16:42","date_gmt":"2025-05-10T08:16:42","guid":{"rendered":"https:\/\/colecalatrava.es\/?p=1536"},"modified":"2025-05-10T08:16:42","modified_gmt":"2025-05-10T08:16:42","slug":"donativo-solidario","status":"publish","type":"post","link":"https:\/\/colecalatrava.es\/?p=1536","title":{"rendered":"DONATIVO SOLIDARIO"},"content":{"rendered":"\n<p>El dinero recaudado del \u00abmercadillo de libros solidario\u00bb que organiz\u00f3 la AMPA el \u00abd\u00eda del libro\u00bb ha sido donado a la asociaci\u00f3n local AFADAL (Asociaci\u00f3n de Familiares de enfermos de Alzheimer y otras demencias). Muchas gracias a nuestras familias por su colaboraci\u00f3n.<\/p>\n\n\n\n<figure class=\"wp-block-image size-full\"><img loading=\"lazy\" decoding=\"async\" width=\"640\" height=\"480\" src=\"https:\/\/colecalatrava.es\/wp-content\/uploads\/2025\/05\/IMG_5216.jpg\" alt=\"\" class=\"wp-image-1550\" srcset=\"https:\/\/colecalatrava.es\/wp-content\/uploads\/2025\/05\/IMG_5216.jpg 640w, https:\/\/colecalatrava.es\/wp-content\/uploads\/2025\/05\/IMG_5216-300x225.jpg 300w\" sizes=\"auto, (max-width: 640px) 100vw, 640px\" \/><\/figure>\n","protected":false},"excerpt":{"rendered":"<p>El dinero recaudado del \u00abmercadillo de libros solidario\u00bb que organiz\u00f3 la AMPA el \u00abd\u00eda del libro\u00bb ha sido donado a la asociaci\u00f3n local AFADAL (Asociaci\u00f3n de Familiares de enfermos de Alzheimer y otras demencias). Muchas gracias a nuestras familias por su colaboraci\u00f3n.<\/p>\n","protected":false},"author":1,"featured_media":1549,"comment_status":"open","ping_status":"closed","sticky":false,"template":"","format":"standard","meta":{"footnotes":""},"categories":[1],"tags":[],"class_list":["post-1536","post","type-post","status-publish","format-standard","has-post-thumbnail","hentry","category-uncategorized"],"_links":{"self":[{"href":"https:\/\/colecalatrava.es\/index.php?rest_route=\/wp\/v2\/posts\/1536","targetHints":{"allow":["GET"]}}],"collection":[{"href":"https:\/\/colecalatrava.es\/index.php?rest_route=\/wp\/v2\/posts"}],"about":[{"href":"https:\/\/colecalatrava.es\/index.php?rest_route=\/wp\/v2\/types\/post"}],"author":[{"embeddable":true,"href":"https:\/\/colecalatrava.es\/index.php?rest_route=\/wp\/v2\/users\/1"}],"replies":[{"embeddable":true,"href":"https:\/\/colecalatrava.es\/index.php?rest_route=%2Fwp%2Fv2%2Fcomments&post=1536"}],"version-history":[{"count":1,"href":"https:\/\/colecalatrava.es\/index.php?rest_route=\/wp\/v2\/posts\/1536\/revisions"}],"predecessor-version":[{"id":1560,"href":"https:\/\/colecalatrava.es\/index.php?rest_route=\/wp\/v2\/posts\/1536\/revisions\/1560"}],"wp:featuredmedia":[{"embeddable":true,"href":"https:\/\/colecalatrava.es\/index.php?rest_route=\/wp\/v2\/media\/1549"}],"wp:attachment":[{"href":"https:\/\/colecalatrava.es\/index.php?rest_route=%2Fwp%2Fv2%2Fmedia&parent=1536"}],"wp:term":[{"taxonomy":"category","embeddable":true,"href":"https:\/\/colecalatrava.es\/index.php?rest_route=%2Fwp%2Fv2%2Fcategories&post=1536"},{"taxonomy":"post_tag","embeddable":true,"href":"https:\/\/colecalatrava.es\/index.php?rest_route=%2Fwp%2Fv2%2Ftags&post=1536"}],"curies":[{"name":"wp","href":"https:\/\/api.w.org\/{rel}","templated":true}]}}