{"id":1528,"date":"2025-05-07T11:07:41","date_gmt":"2025-05-07T11:07:41","guid":{"rendered":"https:\/\/colecalatrava.es\/?p=1528"},"modified":"2025-05-07T11:07:41","modified_gmt":"2025-05-07T11:07:41","slug":"sandwich-solidario-2","status":"publish","type":"post","link":"https:\/\/colecalatrava.es\/?p=1528","title":{"rendered":"SANDWICH SOLIDARIO"},"content":{"rendered":"\n<p>Desde el \u00e1rea de Religi\u00f3n, el lunes 5 de mayo realizamos la actividad del \u00abs\u00e1ndwich solidario\u00bb que  el grupo de voluntarios de Manos Unidas Daimiel organiza cada a\u00f1o en la localidad. Este a\u00f1o se han preparado 257 s\u00e1ndwiches de ch\u00f3ped, cacao y chorizo. El donativo ir\u00e1 a parar a la realizaci\u00f3n de proyectos de desarrollo en los pa\u00edses m\u00e1s empobrecidos del mundo. <\/p>\n\n\n\n<p>Much\u00edsimas gracias por vuestra colaboraci\u00f3n en esta actividad para construir un mundo m\u00e1s justo e igualitario.<\/p>\n","protected":false},"excerpt":{"rendered":"<p>Desde el \u00e1rea de Religi\u00f3n, el lunes 5 de mayo realizamos la actividad del \u00abs\u00e1ndwich solidario\u00bb que el grupo de voluntarios de Manos Unidas Daimiel organiza cada a\u00f1o en la localidad. Este a\u00f1o se han preparado 257 s\u00e1ndwiches de ch\u00f3ped, cacao y chorizo. El donativo ir\u00e1 a parar a la realizaci\u00f3n de proyectos de desarrollo [&hellip;]<\/p>\n","protected":false},"author":1,"featured_media":1517,"comment_status":"open","ping_status":"closed","sticky":false,"template":"","format":"standard","meta":{"footnotes":""},"categories":[1],"tags":[],"class_list":["post-1528","post","type-post","status-publish","format-standard","has-post-thumbnail","hentry","category-uncategorized"],"_links":{"self":[{"href":"https:\/\/colecalatrava.es\/index.php?rest_route=\/wp\/v2\/posts\/1528","targetHints":{"allow":["GET"]}}],"collection":[{"href":"https:\/\/colecalatrava.es\/index.php?rest_route=\/wp\/v2\/posts"}],"about":[{"href":"https:\/\/colecalatrava.es\/index.php?rest_route=\/wp\/v2\/types\/post"}],"author":[{"embeddable":true,"href":"https:\/\/colecalatrava.es\/index.php?rest_route=\/wp\/v2\/users\/1"}],"replies":[{"embeddable":true,"href":"https:\/\/colecalatrava.es\/index.php?rest_route=%2Fwp%2Fv2%2Fcomments&post=1528"}],"version-history":[{"count":1,"href":"https:\/\/colecalatrava.es\/index.php?rest_route=\/wp\/v2\/posts\/1528\/revisions"}],"predecessor-version":[{"id":1529,"href":"https:\/\/colecalatrava.es\/index.php?rest_route=\/wp\/v2\/posts\/1528\/revisions\/1529"}],"wp:featuredmedia":[{"embeddable":true,"href":"https:\/\/colecalatrava.es\/index.php?rest_route=\/wp\/v2\/media\/1517"}],"wp:attachment":[{"href":"https:\/\/colecalatrava.es\/index.php?rest_route=%2Fwp%2Fv2%2Fmedia&parent=1528"}],"wp:term":[{"taxonomy":"category","embeddable":true,"href":"https:\/\/colecalatrava.es\/index.php?rest_route=%2Fwp%2Fv2%2Fcategories&post=1528"},{"taxonomy":"post_tag","embeddable":true,"href":"https:\/\/colecalatrava.es\/index.php?rest_route=%2Fwp%2Fv2%2Ftags&post=1528"}],"curies":[{"name":"wp","href":"https:\/\/api.w.org\/{rel}","templated":true}]}}