{"id":1422,"date":"2025-04-08T09:07:01","date_gmt":"2025-04-08T09:07:01","guid":{"rendered":"https:\/\/colecalatrava.es\/?p=1422"},"modified":"2025-04-09T09:20:19","modified_gmt":"2025-04-09T09:20:19","slug":"3x3-de-baloncesto","status":"publish","type":"post","link":"https:\/\/colecalatrava.es\/?p=1422","title":{"rendered":"3X3 DE BALONCESTO"},"content":{"rendered":"\n<p>Nuestro centro ha participado en un programa piloto desarrollado por los profes de E. F\u00edsica y la Delegaci\u00f3n de educaci\u00f3n del \u00e1rea de deportes. Durante el lunes y martes (7 y 8 de abril) se han desarrollado diversas competiciones de \u00absomos deporte\u00bb 3&#215;3 en baloncesto. Agradecemos la ayuda de Mariano y Diego, que han sido nuestros \u00e1rbitros en la competici\u00f3n.<\/p>\n\n\n\n<figure class=\"wp-block-image size-full\"><img loading=\"lazy\" decoding=\"async\" width=\"640\" height=\"296\" src=\"https:\/\/colecalatrava.es\/wp-content\/uploads\/2025\/04\/PHOTO-2025-04-07-15-19-33.jpg\" alt=\"\" class=\"wp-image-1408\" srcset=\"https:\/\/colecalatrava.es\/wp-content\/uploads\/2025\/04\/PHOTO-2025-04-07-15-19-33.jpg 640w, https:\/\/colecalatrava.es\/wp-content\/uploads\/2025\/04\/PHOTO-2025-04-07-15-19-33-300x139.jpg 300w\" sizes=\"auto, (max-width: 640px) 100vw, 640px\" \/><\/figure>\n\n\n\n<figure class=\"wp-block-image size-large\"><img loading=\"lazy\" decoding=\"async\" width=\"1024\" height=\"576\" src=\"https:\/\/colecalatrava.es\/wp-content\/uploads\/2025\/04\/PHOTO-2025-04-09-09-37-49-1-1024x576.jpg\" alt=\"\" class=\"wp-image-1426\" srcset=\"https:\/\/colecalatrava.es\/wp-content\/uploads\/2025\/04\/PHOTO-2025-04-09-09-37-49-1-1024x576.jpg 1024w, https:\/\/colecalatrava.es\/wp-content\/uploads\/2025\/04\/PHOTO-2025-04-09-09-37-49-1-300x169.jpg 300w, https:\/\/colecalatrava.es\/wp-content\/uploads\/2025\/04\/PHOTO-2025-04-09-09-37-49-1-768x432.jpg 768w, https:\/\/colecalatrava.es\/wp-content\/uploads\/2025\/04\/PHOTO-2025-04-09-09-37-49-1-1536x864.jpg 1536w, https:\/\/colecalatrava.es\/wp-content\/uploads\/2025\/04\/PHOTO-2025-04-09-09-37-49-1.jpg 1920w\" sizes=\"auto, (max-width: 1024px) 100vw, 1024px\" \/><\/figure>\n\n\n\n<p><\/p>\n","protected":false},"excerpt":{"rendered":"<p>Nuestro centro ha participado en un programa piloto desarrollado por los profes de E. F\u00edsica y la Delegaci\u00f3n de educaci\u00f3n del \u00e1rea de deportes. Durante el lunes y martes (7 y 8 de abril) se han desarrollado diversas competiciones de \u00absomos deporte\u00bb 3&#215;3 en baloncesto. Agradecemos la ayuda de Mariano y Diego, que han sido [&hellip;]<\/p>\n","protected":false},"author":1,"featured_media":1409,"comment_status":"open","ping_status":"closed","sticky":false,"template":"","format":"standard","meta":{"footnotes":""},"categories":[1],"tags":[],"class_list":["post-1422","post","type-post","status-publish","format-standard","has-post-thumbnail","hentry","category-uncategorized"],"_links":{"self":[{"href":"https:\/\/colecalatrava.es\/index.php?rest_route=\/wp\/v2\/posts\/1422","targetHints":{"allow":["GET"]}}],"collection":[{"href":"https:\/\/colecalatrava.es\/index.php?rest_route=\/wp\/v2\/posts"}],"about":[{"href":"https:\/\/colecalatrava.es\/index.php?rest_route=\/wp\/v2\/types\/post"}],"author":[{"embeddable":true,"href":"https:\/\/colecalatrava.es\/index.php?rest_route=\/wp\/v2\/users\/1"}],"replies":[{"embeddable":true,"href":"https:\/\/colecalatrava.es\/index.php?rest_route=%2Fwp%2Fv2%2Fcomments&post=1422"}],"version-history":[{"count":3,"href":"https:\/\/colecalatrava.es\/index.php?rest_route=\/wp\/v2\/posts\/1422\/revisions"}],"predecessor-version":[{"id":1428,"href":"https:\/\/colecalatrava.es\/index.php?rest_route=\/wp\/v2\/posts\/1422\/revisions\/1428"}],"wp:featuredmedia":[{"embeddable":true,"href":"https:\/\/colecalatrava.es\/index.php?rest_route=\/wp\/v2\/media\/1409"}],"wp:attachment":[{"href":"https:\/\/colecalatrava.es\/index.php?rest_route=%2Fwp%2Fv2%2Fmedia&parent=1422"}],"wp:term":[{"taxonomy":"category","embeddable":true,"href":"https:\/\/colecalatrava.es\/index.php?rest_route=%2Fwp%2Fv2%2Fcategories&post=1422"},{"taxonomy":"post_tag","embeddable":true,"href":"https:\/\/colecalatrava.es\/index.php?rest_route=%2Fwp%2Fv2%2Ftags&post=1422"}],"curies":[{"name":"wp","href":"https:\/\/api.w.org\/{rel}","templated":true}]}}