{"id":1173,"date":"2025-02-26T10:26:00","date_gmt":"2025-02-26T10:26:00","guid":{"rendered":"https:\/\/colecalatrava.es\/?p=1173"},"modified":"2025-02-26T10:26:00","modified_gmt":"2025-02-26T10:26:00","slug":"historia-de-la-mascara-guarrona","status":"publish","type":"post","link":"https:\/\/colecalatrava.es\/?p=1173","title":{"rendered":"HISTORIA DE LA M\u00c1SCARA GUARRONA"},"content":{"rendered":"\n<p>Hoy hemos recibido la charla sobre la historia de la \u00abm\u00e1scara guarrona\u00bb, personaje t\u00edpico del Carnaval daimiele\u00f1o. Jes\u00fas Mantero, que es experto en este tema nos ha visitado acompa\u00f1ado por Alicia Loro. Nos ha explicado un mont\u00f3n de cosas sobre la \u00abm\u00e1scara guarrona\u00bb que desconoc\u00edamos. <\/p>\n\n\n\n<p>\u00a1Lo hemos pasado genial, mil gracias!<\/p>\n\n\n\n<figure class=\"wp-block-image size-large\"><img loading=\"lazy\" decoding=\"async\" width=\"1024\" height=\"768\" src=\"https:\/\/colecalatrava.es\/wp-content\/uploads\/2025\/02\/PHOTO-2025-02-26-09-32-58-1024x768.jpg\" alt=\"\" class=\"wp-image-1161\" srcset=\"https:\/\/colecalatrava.es\/wp-content\/uploads\/2025\/02\/PHOTO-2025-02-26-09-32-58-1024x768.jpg 1024w, https:\/\/colecalatrava.es\/wp-content\/uploads\/2025\/02\/PHOTO-2025-02-26-09-32-58-300x225.jpg 300w, https:\/\/colecalatrava.es\/wp-content\/uploads\/2025\/02\/PHOTO-2025-02-26-09-32-58-768x576.jpg 768w, https:\/\/colecalatrava.es\/wp-content\/uploads\/2025\/02\/PHOTO-2025-02-26-09-32-58-1536x1152.jpg 1536w, https:\/\/colecalatrava.es\/wp-content\/uploads\/2025\/02\/PHOTO-2025-02-26-09-32-58.jpg 1600w\" sizes=\"auto, (max-width: 1024px) 100vw, 1024px\" \/><\/figure>\n\n\n\n<figure class=\"wp-block-image size-large\"><img loading=\"lazy\" decoding=\"async\" width=\"1024\" height=\"768\" src=\"https:\/\/colecalatrava.es\/wp-content\/uploads\/2025\/02\/PHOTO-2025-02-26-09-40-31-1024x768.jpg\" alt=\"\" class=\"wp-image-1160\" srcset=\"https:\/\/colecalatrava.es\/wp-content\/uploads\/2025\/02\/PHOTO-2025-02-26-09-40-31-1024x768.jpg 1024w, https:\/\/colecalatrava.es\/wp-content\/uploads\/2025\/02\/PHOTO-2025-02-26-09-40-31-300x225.jpg 300w, https:\/\/colecalatrava.es\/wp-content\/uploads\/2025\/02\/PHOTO-2025-02-26-09-40-31-768x576.jpg 768w, https:\/\/colecalatrava.es\/wp-content\/uploads\/2025\/02\/PHOTO-2025-02-26-09-40-31-1536x1152.jpg 1536w, https:\/\/colecalatrava.es\/wp-content\/uploads\/2025\/02\/PHOTO-2025-02-26-09-40-31.jpg 1600w\" sizes=\"auto, (max-width: 1024px) 100vw, 1024px\" \/><\/figure>\n","protected":false},"excerpt":{"rendered":"<p>Hoy hemos recibido la charla sobre la historia de la \u00abm\u00e1scara guarrona\u00bb, personaje t\u00edpico del Carnaval daimiele\u00f1o. Jes\u00fas Mantero, que es experto en este tema nos ha visitado acompa\u00f1ado por Alicia Loro. Nos ha explicado un mont\u00f3n de cosas sobre la \u00abm\u00e1scara guarrona\u00bb que desconoc\u00edamos. \u00a1Lo hemos pasado genial, mil gracias!<\/p>\n","protected":false},"author":1,"featured_media":1164,"comment_status":"open","ping_status":"closed","sticky":false,"template":"","format":"standard","meta":{"footnotes":""},"categories":[1],"tags":[],"class_list":["post-1173","post","type-post","status-publish","format-standard","has-post-thumbnail","hentry","category-uncategorized"],"_links":{"self":[{"href":"https:\/\/colecalatrava.es\/index.php?rest_route=\/wp\/v2\/posts\/1173","targetHints":{"allow":["GET"]}}],"collection":[{"href":"https:\/\/colecalatrava.es\/index.php?rest_route=\/wp\/v2\/posts"}],"about":[{"href":"https:\/\/colecalatrava.es\/index.php?rest_route=\/wp\/v2\/types\/post"}],"author":[{"embeddable":true,"href":"https:\/\/colecalatrava.es\/index.php?rest_route=\/wp\/v2\/users\/1"}],"replies":[{"embeddable":true,"href":"https:\/\/colecalatrava.es\/index.php?rest_route=%2Fwp%2Fv2%2Fcomments&post=1173"}],"version-history":[{"count":1,"href":"https:\/\/colecalatrava.es\/index.php?rest_route=\/wp\/v2\/posts\/1173\/revisions"}],"predecessor-version":[{"id":1174,"href":"https:\/\/colecalatrava.es\/index.php?rest_route=\/wp\/v2\/posts\/1173\/revisions\/1174"}],"wp:featuredmedia":[{"embeddable":true,"href":"https:\/\/colecalatrava.es\/index.php?rest_route=\/wp\/v2\/media\/1164"}],"wp:attachment":[{"href":"https:\/\/colecalatrava.es\/index.php?rest_route=%2Fwp%2Fv2%2Fmedia&parent=1173"}],"wp:term":[{"taxonomy":"category","embeddable":true,"href":"https:\/\/colecalatrava.es\/index.php?rest_route=%2Fwp%2Fv2%2Fcategories&post=1173"},{"taxonomy":"post_tag","embeddable":true,"href":"https:\/\/colecalatrava.es\/index.php?rest_route=%2Fwp%2Fv2%2Ftags&post=1173"}],"curies":[{"name":"wp","href":"https:\/\/api.w.org\/{rel}","templated":true}]}}