{"id":1171,"date":"2025-02-26T10:08:30","date_gmt":"2025-02-26T10:08:30","guid":{"rendered":"https:\/\/colecalatrava.es\/?p=1171"},"modified":"2025-02-26T10:08:30","modified_gmt":"2025-02-26T10:08:30","slug":"actividad-de-calistenia","status":"publish","type":"post","link":"https:\/\/colecalatrava.es\/?p=1171","title":{"rendered":"ACTIVIDAD DE CALISTENIA"},"content":{"rendered":"\n<p>Durante la jornada del lunes y martes nos han visitado Jos\u00e9 Manuel y Mari Cruces, padres de nuestra alumna Naiara de 5\u00baA para ense\u00f1arnos un poco sobre la calistenia. Han acompa\u00f1ado a la profe M. Jes\u00fas en las sesiones de E. F\u00edsica y nuestros\/as alumnos\/as han practicado estos ejercicios enfocados en usar el peso corporal para desarrollar fuerza, resistencia y flexibilidad. <\/p>\n\n\n\n<figure class=\"wp-block-image size-full\"><img loading=\"lazy\" decoding=\"async\" width=\"640\" height=\"480\" src=\"https:\/\/colecalatrava.es\/wp-content\/uploads\/2025\/02\/PHOTO-2025-02-25-12-00-55.jpg\" alt=\"\" class=\"wp-image-1163\" srcset=\"https:\/\/colecalatrava.es\/wp-content\/uploads\/2025\/02\/PHOTO-2025-02-25-12-00-55.jpg 640w, https:\/\/colecalatrava.es\/wp-content\/uploads\/2025\/02\/PHOTO-2025-02-25-12-00-55-300x225.jpg 300w\" sizes=\"auto, (max-width: 640px) 100vw, 640px\" \/><\/figure>\n","protected":false},"excerpt":{"rendered":"<p>Durante la jornada del lunes y martes nos han visitado Jos\u00e9 Manuel y Mari Cruces, padres de nuestra alumna Naiara de 5\u00baA para ense\u00f1arnos un poco sobre la calistenia. Han acompa\u00f1ado a la profe M. Jes\u00fas en las sesiones de E. F\u00edsica y nuestros\/as alumnos\/as han practicado estos ejercicios enfocados en usar el peso corporal [&hellip;]<\/p>\n","protected":false},"author":1,"featured_media":1162,"comment_status":"open","ping_status":"closed","sticky":false,"template":"","format":"standard","meta":{"footnotes":""},"categories":[1],"tags":[],"class_list":["post-1171","post","type-post","status-publish","format-standard","has-post-thumbnail","hentry","category-uncategorized"],"_links":{"self":[{"href":"https:\/\/colecalatrava.es\/index.php?rest_route=\/wp\/v2\/posts\/1171","targetHints":{"allow":["GET"]}}],"collection":[{"href":"https:\/\/colecalatrava.es\/index.php?rest_route=\/wp\/v2\/posts"}],"about":[{"href":"https:\/\/colecalatrava.es\/index.php?rest_route=\/wp\/v2\/types\/post"}],"author":[{"embeddable":true,"href":"https:\/\/colecalatrava.es\/index.php?rest_route=\/wp\/v2\/users\/1"}],"replies":[{"embeddable":true,"href":"https:\/\/colecalatrava.es\/index.php?rest_route=%2Fwp%2Fv2%2Fcomments&post=1171"}],"version-history":[{"count":1,"href":"https:\/\/colecalatrava.es\/index.php?rest_route=\/wp\/v2\/posts\/1171\/revisions"}],"predecessor-version":[{"id":1172,"href":"https:\/\/colecalatrava.es\/index.php?rest_route=\/wp\/v2\/posts\/1171\/revisions\/1172"}],"wp:featuredmedia":[{"embeddable":true,"href":"https:\/\/colecalatrava.es\/index.php?rest_route=\/wp\/v2\/media\/1162"}],"wp:attachment":[{"href":"https:\/\/colecalatrava.es\/index.php?rest_route=%2Fwp%2Fv2%2Fmedia&parent=1171"}],"wp:term":[{"taxonomy":"category","embeddable":true,"href":"https:\/\/colecalatrava.es\/index.php?rest_route=%2Fwp%2Fv2%2Fcategories&post=1171"},{"taxonomy":"post_tag","embeddable":true,"href":"https:\/\/colecalatrava.es\/index.php?rest_route=%2Fwp%2Fv2%2Ftags&post=1171"}],"curies":[{"name":"wp","href":"https:\/\/api.w.org\/{rel}","templated":true}]}}