{"id":1074,"date":"2025-02-05T10:57:44","date_gmt":"2025-02-05T10:57:44","guid":{"rendered":"https:\/\/colecalatrava.es\/?p=1074"},"modified":"2025-02-05T10:57:44","modified_gmt":"2025-02-05T10:57:44","slug":"talleres-amformad","status":"publish","type":"post","link":"https:\/\/colecalatrava.es\/?p=1074","title":{"rendered":"TALLERES AMFORMAD"},"content":{"rendered":"\n<p>Nuestro alumnado de sexto ha participado en estos talleres sobre gesti\u00f3n de sentimientos.<\/p>\n\n\n\n<p>Estos talleres se han desarrollado a lo largo del mes de enero. Nuestros\/as alumnos\/as han aprendido a identificar sentimientos, y sobre todo a gestionar la ira. \u00a1Muchas gracias a Irene, que lo ha hecho muy ameno!<\/p>\n\n\n\n<p>Los profes tambi\u00e9n hemos participado en un taller sobre prevenci\u00f3n e intervenci\u00f3n en violencia familiar que ha resultado muy interesante.<\/p>\n\n\n\n<figure class=\"wp-block-image size-full is-resized\"><img loading=\"lazy\" decoding=\"async\" width=\"640\" height=\"480\" src=\"https:\/\/colecalatrava.es\/wp-content\/uploads\/2025\/02\/IMG_4554.jpg\" alt=\"\" class=\"wp-image-1078\" style=\"width:558px;height:auto\" srcset=\"https:\/\/colecalatrava.es\/wp-content\/uploads\/2025\/02\/IMG_4554.jpg 640w, https:\/\/colecalatrava.es\/wp-content\/uploads\/2025\/02\/IMG_4554-300x225.jpg 300w\" sizes=\"auto, (max-width: 640px) 100vw, 640px\" \/><\/figure>\n\n\n\n<figure class=\"wp-block-image size-full is-resized\"><img loading=\"lazy\" decoding=\"async\" width=\"640\" height=\"480\" src=\"https:\/\/colecalatrava.es\/wp-content\/uploads\/2025\/02\/IMG_4555.jpg\" alt=\"\" class=\"wp-image-1077\" style=\"width:679px;height:auto\" srcset=\"https:\/\/colecalatrava.es\/wp-content\/uploads\/2025\/02\/IMG_4555.jpg 640w, https:\/\/colecalatrava.es\/wp-content\/uploads\/2025\/02\/IMG_4555-300x225.jpg 300w\" sizes=\"auto, (max-width: 640px) 100vw, 640px\" \/><\/figure>\n","protected":false},"excerpt":{"rendered":"<p>Nuestro alumnado de sexto ha participado en estos talleres sobre gesti\u00f3n de sentimientos. Estos talleres se han desarrollado a lo largo del mes de enero. Nuestros\/as alumnos\/as han aprendido a identificar sentimientos, y sobre todo a gestionar la ira. \u00a1Muchas gracias a Irene, que lo ha hecho muy ameno! Los profes tambi\u00e9n hemos participado en [&hellip;]<\/p>\n","protected":false},"author":1,"featured_media":1076,"comment_status":"open","ping_status":"closed","sticky":false,"template":"","format":"standard","meta":{"footnotes":""},"categories":[1],"tags":[],"class_list":["post-1074","post","type-post","status-publish","format-standard","has-post-thumbnail","hentry","category-uncategorized"],"_links":{"self":[{"href":"https:\/\/colecalatrava.es\/index.php?rest_route=\/wp\/v2\/posts\/1074","targetHints":{"allow":["GET"]}}],"collection":[{"href":"https:\/\/colecalatrava.es\/index.php?rest_route=\/wp\/v2\/posts"}],"about":[{"href":"https:\/\/colecalatrava.es\/index.php?rest_route=\/wp\/v2\/types\/post"}],"author":[{"embeddable":true,"href":"https:\/\/colecalatrava.es\/index.php?rest_route=\/wp\/v2\/users\/1"}],"replies":[{"embeddable":true,"href":"https:\/\/colecalatrava.es\/index.php?rest_route=%2Fwp%2Fv2%2Fcomments&post=1074"}],"version-history":[{"count":1,"href":"https:\/\/colecalatrava.es\/index.php?rest_route=\/wp\/v2\/posts\/1074\/revisions"}],"predecessor-version":[{"id":1081,"href":"https:\/\/colecalatrava.es\/index.php?rest_route=\/wp\/v2\/posts\/1074\/revisions\/1081"}],"wp:featuredmedia":[{"embeddable":true,"href":"https:\/\/colecalatrava.es\/index.php?rest_route=\/wp\/v2\/media\/1076"}],"wp:attachment":[{"href":"https:\/\/colecalatrava.es\/index.php?rest_route=%2Fwp%2Fv2%2Fmedia&parent=1074"}],"wp:term":[{"taxonomy":"category","embeddable":true,"href":"https:\/\/colecalatrava.es\/index.php?rest_route=%2Fwp%2Fv2%2Fcategories&post=1074"},{"taxonomy":"post_tag","embeddable":true,"href":"https:\/\/colecalatrava.es\/index.php?rest_route=%2Fwp%2Fv2%2Ftags&post=1074"}],"curies":[{"name":"wp","href":"https:\/\/api.w.org\/{rel}","templated":true}]}}