{"id":1031,"date":"2024-12-18T20:12:00","date_gmt":"2024-12-18T20:12:00","guid":{"rendered":"https:\/\/colecalatrava.es\/?p=1031"},"modified":"2025-12-03T08:27:41","modified_gmt":"2025-12-03T08:27:41","slug":"concurso-de-belenes","status":"publish","type":"post","link":"https:\/\/colecalatrava.es\/?p=1031","title":{"rendered":"CONCURSO DE BELENES"},"content":{"rendered":"\n<p>Un a\u00f1o m\u00e1s nuestro cole ha obtenido premio en el concurso local de belenes. Este a\u00f1o, 1\u00ba premio en la categor\u00eda de Primaria para 5\u00ba y 2\u00ba premio en la categor\u00eda de Infantil al de 5 a\u00f1os.<\/p>\n\n\n\n<figure class=\"wp-block-image size-full\"><img loading=\"lazy\" decoding=\"async\" width=\"640\" height=\"480\" src=\"https:\/\/colecalatrava.es\/wp-content\/uploads\/2024\/12\/IMG_4388.jpg\" alt=\"\" class=\"wp-image-1017\" srcset=\"https:\/\/colecalatrava.es\/wp-content\/uploads\/2024\/12\/IMG_4388.jpg 640w, https:\/\/colecalatrava.es\/wp-content\/uploads\/2024\/12\/IMG_4388-300x225.jpg 300w\" sizes=\"auto, (max-width: 640px) 100vw, 640px\" \/><\/figure>\n\n\n\n<p>Aqu\u00ed ten\u00e9is a nuestro alumnado recogiendo los premios&#8230;<\/p>\n\n\n\n<figure class=\"wp-block-image size-large is-resized\"><img loading=\"lazy\" decoding=\"async\" width=\"1024\" height=\"1021\" src=\"https:\/\/colecalatrava.es\/wp-content\/uploads\/2024\/12\/dfcf8740-7fc4-43f1-9c72-7bcee2431696-1024x1021.jpg\" alt=\"\" class=\"wp-image-1000\" style=\"width:440px;height:auto\" srcset=\"https:\/\/colecalatrava.es\/wp-content\/uploads\/2024\/12\/dfcf8740-7fc4-43f1-9c72-7bcee2431696-1024x1021.jpg 1024w, https:\/\/colecalatrava.es\/wp-content\/uploads\/2024\/12\/dfcf8740-7fc4-43f1-9c72-7bcee2431696-300x300.jpg 300w, https:\/\/colecalatrava.es\/wp-content\/uploads\/2024\/12\/dfcf8740-7fc4-43f1-9c72-7bcee2431696-150x150.jpg 150w, https:\/\/colecalatrava.es\/wp-content\/uploads\/2024\/12\/dfcf8740-7fc4-43f1-9c72-7bcee2431696-768x766.jpg 768w, https:\/\/colecalatrava.es\/wp-content\/uploads\/2024\/12\/dfcf8740-7fc4-43f1-9c72-7bcee2431696-1536x1531.jpg 1536w, https:\/\/colecalatrava.es\/wp-content\/uploads\/2024\/12\/dfcf8740-7fc4-43f1-9c72-7bcee2431696.jpg 1947w\" sizes=\"auto, (max-width: 1024px) 100vw, 1024px\" \/><\/figure>\n\n\n\n<p><\/p>\n","protected":false},"excerpt":{"rendered":"<p>Un a\u00f1o m\u00e1s nuestro cole ha obtenido premio en el concurso local de belenes. Este a\u00f1o, 1\u00ba premio en la categor\u00eda de Primaria para 5\u00ba y 2\u00ba premio en la categor\u00eda de Infantil al de 5 a\u00f1os. Aqu\u00ed ten\u00e9is a nuestro alumnado recogiendo los premios&#8230;<\/p>\n","protected":false},"author":1,"featured_media":1023,"comment_status":"open","ping_status":"closed","sticky":false,"template":"","format":"standard","meta":{"footnotes":""},"categories":[1],"tags":[],"class_list":["post-1031","post","type-post","status-publish","format-standard","has-post-thumbnail","hentry","category-uncategorized"],"_links":{"self":[{"href":"https:\/\/colecalatrava.es\/index.php?rest_route=\/wp\/v2\/posts\/1031","targetHints":{"allow":["GET"]}}],"collection":[{"href":"https:\/\/colecalatrava.es\/index.php?rest_route=\/wp\/v2\/posts"}],"about":[{"href":"https:\/\/colecalatrava.es\/index.php?rest_route=\/wp\/v2\/types\/post"}],"author":[{"embeddable":true,"href":"https:\/\/colecalatrava.es\/index.php?rest_route=\/wp\/v2\/users\/1"}],"replies":[{"embeddable":true,"href":"https:\/\/colecalatrava.es\/index.php?rest_route=%2Fwp%2Fv2%2Fcomments&post=1031"}],"version-history":[{"count":2,"href":"https:\/\/colecalatrava.es\/index.php?rest_route=\/wp\/v2\/posts\/1031\/revisions"}],"predecessor-version":[{"id":1922,"href":"https:\/\/colecalatrava.es\/index.php?rest_route=\/wp\/v2\/posts\/1031\/revisions\/1922"}],"wp:featuredmedia":[{"embeddable":true,"href":"https:\/\/colecalatrava.es\/index.php?rest_route=\/wp\/v2\/media\/1023"}],"wp:attachment":[{"href":"https:\/\/colecalatrava.es\/index.php?rest_route=%2Fwp%2Fv2%2Fmedia&parent=1031"}],"wp:term":[{"taxonomy":"category","embeddable":true,"href":"https:\/\/colecalatrava.es\/index.php?rest_route=%2Fwp%2Fv2%2Fcategories&post=1031"},{"taxonomy":"post_tag","embeddable":true,"href":"https:\/\/colecalatrava.es\/index.php?rest_route=%2Fwp%2Fv2%2Ftags&post=1031"}],"curies":[{"name":"wp","href":"https:\/\/api.w.org\/{rel}","templated":true}]}}